{"id":20489,"date":"2018-07-28T10:26:08","date_gmt":"2018-07-28T14:26:08","guid":{"rendered":"http:\/\/www.corumbaonline.com.br\/news\/?p=20489"},"modified":"2018-07-28T11:30:38","modified_gmt":"2018-07-28T15:30:38","slug":"brasileiros-se-mobilizam-para-acompanhar-eclipse-lunar","status":"publish","type":"post","link":"https:\/\/www.corumbaonline.com.br\/news\/brasileiros-se-mobilizam-para-acompanhar-eclipse-lunar\/","title":{"rendered":"Brasileiros se mobilizam para acompanhar eclipse lunar"},"content":{"rendered":"<p>Ainda no in\u00edcio da tarde as imagens do eclipse lunar j\u00e1 inundavam as redes sociais. A partir da \u00c1sia, o fen\u00f4meno ficou vis\u00edvel especialmente de pa\u00edses do Oriente M\u00e9dio e do Norte da \u00c1frica. A Ag\u00eancia Espacial dos Estados Unidos (Nasa) transmitiu ao vivo em seu servi\u00e7o de v\u00eddeo online (streaming) imagens do eclipse de diferentes pontos do globo, a partir de observat\u00f3rios em pa\u00edses como os Emirados \u00c1rabes Unidos, Gr\u00e9cia e Israel. Na transmiss\u00e3o, foi poss\u00edvel\u00a0ter\u00a0diferentes \u00e2ngulos e efeitos luminosos do evento na superf\u00edcie lunar.<\/p>\n<p>No Brasil, pessoas se mobilizaram em diversas cidades para acompanhar o evento, que recebeu o nome de \u201cLua de Sangue\u201d por conta do efeito avermelhado que se forma na refra\u00e7\u00e3o dos raios solares na superf\u00edcie lunar. Os tons alaranjados e avermelhados se deviam \u00e0 passagem dos feixes de luz\u00a0pela atmosfera terrestre. A expectativa tamb\u00e9m era pelo planeta Marte, que apareceria de maneira mais vis\u00edvel do que de costume.<\/p>\n<p>&nbsp;<\/p>\n<div class=\"dnd-widget-wrapper context-cheio_8colunas type-image\">\n<div class=\"dnd-atom-rendered\">\n<figure class=\"mejs-fotoh-wrapper\">\n<p><figure style=\"width: 754px\" class=\"wp-caption alignnone\"><img loading=\"lazy\" decoding=\"async\" class=\"img-responsive full full\" title=\"Fernando Fraz\u00e3o\/Ag\u00eancia Brasil\/Ag\u00eancia Brasil\" src=\"http:\/\/imagens.ebc.com.br\/RBr-rYruNTfN3SLlkop1DhbWnzk=\/754x0\/smart\/http:\/\/agenciabrasil.ebc.com.br\/sites\/default\/files\/thumbnails\/image\/ffraz_abr_2707182353.jpg?itok=9_lDJw1s\" alt=\"Grupos de visitantes e estudiosos se re\u00fanem no Forte de Copacabana para observar o eclipse total da lua, em que o astro ganha tons avermelhados, conhecido como Lua de Sangue.\" width=\"754\" height=\"503\" \/><figcaption class=\"wp-caption-text\">Turistas e estudiosos se reuniram no Forte de Copacabana, no Rio, para observar o eclipse total da lua, conhecido como Lua de Sangue &#8211; Fernando Fraz\u00e3o\/Ag\u00eancia Brasil<\/figcaption><\/figure><\/figure>\n<\/div>\n<\/div>\n<p>No Rio\u00a0de Janeiro, o Aterro do Flamengo foi o espa\u00e7o escolhido por muitas pessoas que sa\u00edram do trabalho e ocuparam o gramado para mirar a lua. Avi\u00f5es que decolaram do Aeroporto Santos Dumont chegaram a fazer desvios para passar em um \u00e2ngulo melhor para que os passageiros pudessem visualizar o fen\u00f4meno.<\/p>\n<p>A psic\u00f3loga In\u00eas Carneiro estava em um dos grupos de amigos que se reuniram no local. Eles decidiram fazer um piquenique para esperar o evento. \u201cO eclipse t\u00e1 lindo. As pessoas se reuniram espontaneamente, h\u00e1 pessoas meditando na praia, que est\u00e1 mais cheia que de costume. Est\u00e1 um clima muito alegre\u201d, relatou In\u00eas.<\/p>\n<h2>S\u00e3o Paulo<\/h2>\n<p>Em S\u00e3o Paulo, al\u00e9m dos parques, como o Ibirapuera, a selva dos arranha-c\u00e9us foi ambiente prop\u00edcio para arrumar um posicionamento melhor para ver, e registrar o eclipse. A fot\u00f3grafa Sara de Sanctis escolheu o terra\u00e7o do pr\u00e9dio onde mora, onde os amigos fizeram um churrasco. Outros moradores tamb\u00e9m optaram pelo terra\u00e7o como local de observa\u00e7\u00e3o.<\/p>\n<p>\u201cA gente n\u00e3o viu o eclipse total. Vimos somente a penumbra. Mas foi bom reunir os amigos. Acabamos aproveitando para comemorar o anivers\u00e1rio de um dos amigos no espa\u00e7o\u201d, relatou a fot\u00f3grafa, de origem italiana, mas que mora no Brasil h\u00e1 cinco anos.<\/p>\n<h2>Bras\u00edlia<\/h2>\n<p>Na capital, a Esplanada dos Minist\u00e9rios ficou totalmente parada por conta do tr\u00e2nsito. Na Torre de TV, cart\u00e3o-postal da cidade e ponto mais alto da avenida, centenas de pessoas se reuniram. Um pouco mais acima, o Memorial dos Povos Ind\u00edgenas recebeu o projeto Culturas Vivas, que convidou pessoas para acompanhar o fen\u00f4meno em meio a uma intensa programa\u00e7\u00e3o, que contou com c\u00e2nticos tradicionais Krah\u00f4 e exibi\u00e7\u00e3o de filmes.<\/p>\n<p>A advogada Diana Melo e o grupo de m\u00e3es do qual faz parte levaram filhos para o espa\u00e7o, que n\u00e3o tem\u00a0teto e permitiu uma vista particular da lua. \u201cA gente gosta de trazer as crian\u00e7as e a gente mesmo ver como a vida \u00e9 diversa. Foi muito m\u00e1gico estar no espa\u00e7o, escutar uma apresenta\u00e7\u00e3o ind\u00edgena e dan\u00e7ar com eles, sendo que o povo Timbira est\u00e1 tamb\u00e9m na minha terra, o Maranh\u00e3o\u201d, contou.<\/p>\n<p>A Pra\u00e7a dos Tr\u00eas Poderes ficou lotada de pessoas com c\u00e2meras, bin\u00f3culos e telesc\u00f3pios. A secret\u00e1ria Leonice Santos foi pela primeira vez olhar o eclipse e se espantou com o p\u00fablico. \u201cT\u00e1 bastante tumultuado\u201d, comentou. Parte dos instrumentos foi disponibilizada pelo Clube de Astronomia de Bras\u00edlia. Muitas pessoas esperavam nas filas para conferir a lua por meio das lentes.<\/p>\n<p>&nbsp;<\/p>\n<div class=\"dnd-widget-wrapper context-cheio_8colunas type-image\">\n<div class=\"dnd-atom-rendered\">\n<figure class=\"mejs-fotov-wrapper\">\n<p><figure style=\"width: 754px\" class=\"wp-caption alignnone\"><img loading=\"lazy\" decoding=\"async\" class=\"img-responsive full full\" title=\"Marcello Casal jr\/Ag\u00eancia Brasil\/Ag\u00eancia Brasil\" src=\"http:\/\/imagens.ebc.com.br\/WeaZ3I6sgKK7QXoqWFpQoHnACKI=\/754x0\/smart\/http:\/\/agenciabrasil.ebc.com.br\/sites\/default\/files\/thumbnails\/image\/mca_abr_2707182348_1.jpg?itok=mkbP4wJg\" alt=\"Curiosos, especialistas, fot\u00f3grafos e apaixonados por astronomia se re\u00fanem na pra\u00e7a do Cruzeiro, em frente ao memorial JK em Bras\u00edlia, para acompanhar o Eclipse total da Lua.\" width=\"754\" height=\"1131\" \/><figcaption class=\"wp-caption-text\">Curiosos, especialistas, fot\u00f3grafos e apaixonados por astronomia se reuniram na Pra\u00e7a do Cruzeiro, em frente ao memorial JK, para acompanhar o eclipse lunar em Bras\u00edlia &#8211; Marcello Casal Jr\/Ag\u00eancia Brasil<\/figcaption><\/figure><\/figure>\n<\/div>\n<\/div>\n<p>Romilda Rodrigues era uma das que aguardavam a vez de conferir a vis\u00e3o ampliada. \u201cEu adoro astronomia e venho ver quando tem eclipse. Faz diferen\u00e7a olhar no telesc\u00f3pio. A olho nu a luz da lua atrapalha. Quando voc\u00ea v\u00ea no telesc\u00f3pio tem mais nitidez, parece mais pr\u00f3ximo de voc\u00ea, \u00e9 mais emocionante\u201d, comentou.<\/p>\n<p>Leandro Viegas, servidor p\u00fablico, era uma dos com trip\u00e9 e bin\u00f3culo para conferir melhor o\u00a0evento. Acostumado \u00e0 observa\u00e7\u00e3o no local, ele notou a diferen\u00e7a do p\u00fablico, que atribuiu \u00e0 divulga\u00e7\u00e3o do evento. \u201cEu acompanho, em casa temos telesc\u00f3pio. Em casa, costumamos observar. Mas neste teve a diferen\u00e7a da m\u00eddia falando tanto, dizendo para n\u00e3o perder a lua\u201d, disse.<\/p>\n<p>O servidor fez os registros usando a c\u00e2mera e o bin\u00f3culo. Mostrou as fotos com os ralos tons avermelhados. O efeito da \u201cLua de Sangue\u201d ficou menos vis\u00edvel na capital pelo posicionamento dela, diferentemente de cidades do litoral do pa\u00eds.<\/p>\n<p>A estudante Susana Lins, passando f\u00e9rias na capital, sentiu falta da colora\u00e7\u00e3o. \u201cAchei mais ou menos. Eu esperava mais, uma coisa mais bonita, mas \u00e9 s\u00f3 uma sombra. Foi como outro eclipse que eu j\u00e1 tinha visto no ano passado\u201d, lamentou.<\/p>\n<p>O pai, o advogado Rodrigo Lentz, levou Susana e o irm\u00e3o, Breno, como parte da programa\u00e7\u00e3o de f\u00e9rias. Aproveitou o tempo de espera na fila para explicar aos filhos o que era o eclipse. Lentz sabendo do evento promovido pelo Clube de Astronomia e foi \u00e0 pra\u00e7a. \u201cA gente se surpreendeu com o n\u00famero de pessoas\u201d, exclamou.<\/p>\n","protected":false},"excerpt":{"rendered":"<p>Ainda no in\u00edcio da tarde as imagens do eclipse lunar j\u00e1 inundavam as redes sociais&#8230;.<\/p>\n","protected":false},"author":1,"featured_media":0,"comment_status":"closed","ping_status":"closed","sticky":false,"template":"","format":"standard","meta":{"footnotes":""},"categories":[17],"tags":[],"class_list":["post-20489","post","type-post","status-publish","format-standard","hentry","category-meio-ambiente"],"_links":{"self":[{"href":"https:\/\/www.corumbaonline.com.br\/news\/wp-json\/wp\/v2\/posts\/20489","targetHints":{"allow":["GET"]}}],"collection":[{"href":"https:\/\/www.corumbaonline.com.br\/news\/wp-json\/wp\/v2\/posts"}],"about":[{"href":"https:\/\/www.corumbaonline.com.br\/news\/wp-json\/wp\/v2\/types\/post"}],"author":[{"embeddable":true,"href":"https:\/\/www.corumbaonline.com.br\/news\/wp-json\/wp\/v2\/users\/1"}],"replies":[{"embeddable":true,"href":"https:\/\/www.corumbaonline.com.br\/news\/wp-json\/wp\/v2\/comments?post=20489"}],"version-history":[{"count":1,"href":"https:\/\/www.corumbaonline.com.br\/news\/wp-json\/wp\/v2\/posts\/20489\/revisions"}],"predecessor-version":[{"id":20490,"href":"https:\/\/www.corumbaonline.com.br\/news\/wp-json\/wp\/v2\/posts\/20489\/revisions\/20490"}],"wp:attachment":[{"href":"https:\/\/www.corumbaonline.com.br\/news\/wp-json\/wp\/v2\/media?parent=20489"}],"wp:term":[{"taxonomy":"category","embeddable":true,"href":"https:\/\/www.corumbaonline.com.br\/news\/wp-json\/wp\/v2\/categories?post=20489"},{"taxonomy":"post_tag","embeddable":true,"href":"https:\/\/www.corumbaonline.com.br\/news\/wp-json\/wp\/v2\/tags?post=20489"}],"curies":[{"name":"wp","href":"https:\/\/api.w.org\/{rel}","templated":true}]}}