{"id":20495,"date":"2018-07-28T11:11:09","date_gmt":"2018-07-28T15:11:09","guid":{"rendered":"http:\/\/www.corumbaonline.com.br\/news\/?p=20495"},"modified":"2018-07-28T12:05:05","modified_gmt":"2018-07-28T16:05:05","slug":"pesquisadora-fala-sobre-biotecnicas-e-manejo-reprodutivo-focando-o-melhoramento-genetico-animal-em-evento","status":"publish","type":"post","link":"https:\/\/www.corumbaonline.com.br\/news\/pesquisadora-fala-sobre-biotecnicas-e-manejo-reprodutivo-focando-o-melhoramento-genetico-animal-em-evento\/","title":{"rendered":"Pesquisadora fala sobre biot\u00e9cnicas e manejo reprodutivo focando o melhoramento gen\u00e9tico animal em evento"},"content":{"rendered":"<p>Em sua 30\u00aa edi\u00e7\u00e3o, a &#8220;Capacita\u00e7\u00e3o em melhoramento de gado de corte da Embrapa e Programa Geneplus&#8221;, ocorrida entre os dias 17 e 20 de julho em Campo Grande (MS), contou com a participa\u00e7\u00e3o da pesquisadora da Embrapa Pantanal Juliana Corr\u00eaa Borges Silva, que apresentou o tema &#8220;Biot\u00e9cnicas e manejo reprodutivo para maximizar o melhoramento gen\u00e9tico animal&#8221;.<\/p>\n<p>Durante sua palestra, Juliana explicou que n\u00e3o h\u00e1 biot\u00e9cnica reprodutiva que funcione se os \u00edndices reprodutivos estiverem baixos: &#8220;primeiramente, o produtor deve ter um manejo bem realizado para ent\u00e3o aplicar as biot\u00e9cnicas: seja a IATF, a FIV, ou qualquer outra. A base do melhoramento \u00e9 uma reprodu\u00e7\u00e3o bem feita&#8221; explicou\u00a0a pesquisadora.<\/p>\n<p><strong>Manejo reprodutivo<\/strong><\/p>\n<p>&#8220;O manejo reprodutivo se trata em dar condi\u00e7\u00f5es da vaca parir uma boa cria por ano. Nisso premissas importantes como nutri\u00e7\u00e3o e sanidade devem estar inclusas, pois n\u00e3o conseguimos reproduzir se n\u00e3o h\u00e1 condi\u00e7\u00f5es m\u00ednimas para essas premissas.\u00a0 Assim, a pr\u00e1tica da esta\u00e7\u00e3o de monta (EM) visa concentrar o per\u00edodo de reprodu\u00e7\u00e3o nos meses mais favor\u00e1veis do ano e, por consequ\u00eancia, otimizar os esfor\u00e7os em busca da maior efici\u00eancia reprodutiva e produtiva na propriedade. Quanto mais concentrada, isto \u00e9, quanto mais curta for a esta\u00e7\u00e3o de monta, mais centralizada ser\u00e1 a esta\u00e7\u00e3o de pari\u00e7\u00e3o ou nascimentos, e menores ser\u00e3o as diferen\u00e7as entre as idades dos primeiros e \u00faltimos animais nascidos naquela safra (que chamamos de animais &#8220;do cedo&#8221; e animais &#8220;do tarde&#8221;, respectivamente)&#8221;, detalhou\u00a0a pesquisadora.<\/p>\n<p>&#8220;Os animais ser\u00e3o mais contempor\u00e2neos, facilitando a programa\u00e7\u00e3o e planejamento das atividades de nascimentos (pari\u00e7\u00e3o), desmama (desterneiramento), sele\u00e7\u00e3o e vendas. A \u00e9poca do ano de estabelecimento da esta\u00e7\u00e3o de monta coincide com \u00e0s melhores condi\u00e7\u00f5es nutricionais das pastagens, que propiciar\u00e3o melhores condi\u00e7\u00f5es corporais e de atividade ovariana (ciclicidade) das matrizes, o que \u00e9 fundamental para ocorrer a efici\u00eancia reprodutiva. Se uma propriedade n\u00e3o faz EM, ela tem que come\u00e7ar aos poucos, um exemplo \u00e9 come\u00e7ar deixando as vacas e touros juntos por seis meses e ir cortando os meses das pontas, at\u00e9 que a esta\u00e7\u00e3o esteja com 3 ou 4 meses de dura\u00e7\u00e3o (90 a 120 dias). No Brasil, de maneira geral por causa da distribui\u00e7\u00e3o das chuvas, a esta\u00e7\u00e3o se d\u00e1 de outubro a fevereiro&#8221;, completou.<\/p>\n<p>Segundo ela, para um bom manejo reprodutivo \u00e9 important\u00edssimo a realiza\u00e7\u00e3o da coleta de informa\u00e7\u00f5es de campo, que seja feito todo um registro durante a esta\u00e7\u00e3o de monta (regra b\u00e1sica em um manejo reprodutivo que visa melhoramento gen\u00e9tico), identificando quem s\u00e3o os pais e m\u00e3es. &#8220;Para selecionar o que \u00e9 bom \u00e9 preciso que seja feita a compara\u00e7\u00e3o do grupo de animais contempor\u00e2neos que nascem, que s\u00f3 pode ser feita quando existe essa identifica\u00e7\u00e3o detalhada. O produtor que participa do programa Geneplus, por exemplo, envia os dados para serem avaliados por uma equipe especializada. Quanto mais detalhados e completos os dados enviados, mais eficaz ser\u00e1 o resultado de quais s\u00e3o os animais com melhor gen\u00e9tica&#8221;, destacou a pesquisadora.<\/p>\n<p><strong>+Cria<\/strong><\/p>\n<p>Ao longo da capacita\u00e7\u00e3o, Juliana mostrou alguns resultados obtidos no projeto +Cria, que objetiva o aumento da produ\u00e7\u00e3o de bezerros com mais qualidade e o que deve ser observado para alcan\u00e7ar esses objetivos, bem como as t\u00e9cnicas existentes que podem ser aplicadas: bast\u00f5es marcadores, IATF, utiliza\u00e7\u00e3o de s\u00eamen refrigerado, entre outros.<\/p>\n<p>&#8220;Programas de IATF est\u00e3o sendo utilizados em larga escala por apresentarem in\u00fameras vantagens, sendo a principal delas a elimina\u00e7\u00e3o da observa\u00e7\u00e3o de cio, evitando a insemina\u00e7\u00e3o de vacas no momento incorreto, otimizando a utiliza\u00e7\u00e3o do s\u00eamen e da m\u00e3o-de-obra. A IATF serve tamb\u00e9m para concentrar as insemina\u00e7\u00f5es e as pari\u00e7\u00f5es em \u00e9pocas desej\u00e1veis, induzir a ciclicidade de vacas em anestro, diminuir o intervalo de partos, programar as insemina\u00e7\u00f5es em um curto per\u00edodo de tempo, controlar a propaga\u00e7\u00e3o de doen\u00e7as sexualmente transmiss\u00edveis, diminuir os investimentos com touros, padronizar os lotes por categoria e escore de condi\u00e7\u00e3o corporal e reduzir o descarte e o custo de reposi\u00e7\u00e3o de matrizes. Essa biotecnologia chegou trazendo in\u00fameras vantagens, al\u00e9m da possibilidade de massifica\u00e7\u00e3o do uso de touros melhoradores, animais avaliados geneticamente e que deixar\u00e3o no rebanho seus descendentes com alto valor econ\u00f4mico. Tornou poss\u00edvel tamb\u00e9m a utiliza\u00e7\u00e3o de s\u00eamen refrigerado aumentando a prenhes e o uso do s\u00eamen mais caro, como o sexado, em vacas que manifestaram cio, j\u00e1 que a probabilidade dela emprenhar \u00e9 maior&#8221;, concluiu Juliana.<\/p>\n<p>O evento, realizado todos os anos, tem como foco principal a gen\u00e9tica, inserida em um amplo contexto de sistema de produ\u00e7\u00e3o, e visa proporcionar aos participantes uma oportunidade de atualiza\u00e7\u00e3o t\u00e9cnica, fomentando a discuss\u00e3o de temas que possam contribuir para a melhoria da produtividade, qualidade de produto e para a redu\u00e7\u00e3o de custos. A capacita\u00e7\u00e3o foi uma realiza\u00e7\u00e3o da Embrapa Gado de Corte e do Programa Embrapa de Melhoramento de Gado de Corte \u2013 Geneplus.<\/p>\n","protected":false},"excerpt":{"rendered":"<p>Em sua 30\u00aa edi\u00e7\u00e3o, a &#8220;Capacita\u00e7\u00e3o em melhoramento de gado de corte da Embrapa e&#8230;<\/p>\n","protected":false},"author":1,"featured_media":0,"comment_status":"closed","ping_status":"closed","sticky":false,"template":"","format":"standard","meta":{"footnotes":""},"categories":[2],"tags":[],"class_list":["post-20495","post","type-post","status-publish","format-standard","hentry","category-agropecuaria"],"_links":{"self":[{"href":"https:\/\/www.corumbaonline.com.br\/news\/wp-json\/wp\/v2\/posts\/20495","targetHints":{"allow":["GET"]}}],"collection":[{"href":"https:\/\/www.corumbaonline.com.br\/news\/wp-json\/wp\/v2\/posts"}],"about":[{"href":"https:\/\/www.corumbaonline.com.br\/news\/wp-json\/wp\/v2\/types\/post"}],"author":[{"embeddable":true,"href":"https:\/\/www.corumbaonline.com.br\/news\/wp-json\/wp\/v2\/users\/1"}],"replies":[{"embeddable":true,"href":"https:\/\/www.corumbaonline.com.br\/news\/wp-json\/wp\/v2\/comments?post=20495"}],"version-history":[{"count":1,"href":"https:\/\/www.corumbaonline.com.br\/news\/wp-json\/wp\/v2\/posts\/20495\/revisions"}],"predecessor-version":[{"id":20496,"href":"https:\/\/www.corumbaonline.com.br\/news\/wp-json\/wp\/v2\/posts\/20495\/revisions\/20496"}],"wp:attachment":[{"href":"https:\/\/www.corumbaonline.com.br\/news\/wp-json\/wp\/v2\/media?parent=20495"}],"wp:term":[{"taxonomy":"category","embeddable":true,"href":"https:\/\/www.corumbaonline.com.br\/news\/wp-json\/wp\/v2\/categories?post=20495"},{"taxonomy":"post_tag","embeddable":true,"href":"https:\/\/www.corumbaonline.com.br\/news\/wp-json\/wp\/v2\/tags?post=20495"}],"curies":[{"name":"wp","href":"https:\/\/api.w.org\/{rel}","templated":true}]}}