{"id":20503,"date":"2018-07-28T12:30:47","date_gmt":"2018-07-28T16:30:47","guid":{"rendered":"http:\/\/www.corumbaonline.com.br\/news\/?p=20503"},"modified":"2018-07-28T13:06:28","modified_gmt":"2018-07-28T17:06:28","slug":"pt-espera-eleger-deputados-tres-federais-e-quer-levar-amaducci-ao-2-turno","status":"publish","type":"post","link":"https:\/\/www.corumbaonline.com.br\/news\/pt-espera-eleger-deputados-tres-federais-e-quer-levar-amaducci-ao-2-turno\/","title":{"rendered":"PT espera eleger deputados tr\u00eas federais e quer levar Amaducci ao 2\u00b0 turno"},"content":{"rendered":"<p>O deputado federal Zeca do PT, candidato ao Senado Federal, anunciou, durante a conven\u00e7\u00e3o do partido na manh\u00e3 deste s\u00e1bado (28), que espera das urnas ampliar o n\u00famero de parlamentares na Assembleia Legislativa. Atualmente com quatro deputados na Casa de Leis, Zeca disse que espera manter esse quadro e, na melhor das hip\u00f3teses, eleger cinco ou seis nomes.<\/p>\n<p>Ex-governador, Zeca afirmou que com a elei\u00e7\u00e3o de tr\u00eas nomes para a C\u00e2mara Federal, entre eles o do atual deputado Vander Loubet, o partido espera \u201crecuperar o protagonismo da luta pol\u00edtica\u201d \u00e0 n\u00edvel nacional.<\/p>\n<p>\u201cNo m\u00ednimo, n\u00f3s queremos manter nossa bancada na Assembleia, uma bancada aguerrida, com pretens\u00e3o de cinco ou seis nomes, recuperar a vaga no Senado que o Delc\u00eddio [Amaral (PTC)] deixou e levar o Humberto para o segundo turno\u201d, deseja.<\/p>\n<p>Entre os 16 postulantes \u00e0 C\u00e2mara Federal, h\u00e1 quatro vereadores do interior, professores, advogados, comerciantes, pastor evang\u00e9lico e at\u00e9 militante da Igreja Cat\u00f3lica. No Legislativo Estadual, l\u00edderes comunit\u00e1rios, ex-vice prefeito de cidade do interior paulista, militantes do movimento negro, l\u00ededres sindicais e ind\u00edgenas.<\/p>\n<p>O plano de governo, segundo os l\u00edderes partid\u00e1rios, ser\u00e1 pautado na \u201caten\u00e7\u00e3o a grupos que precisam da m\u00e3o do estado\u201d, como ind\u00edgenas e quilombolas, inclus\u00e3o social, educa\u00e7\u00e3o, sa\u00fade, gera\u00e7\u00e3o de emprego e renda, desenvolvimetno econ\u00f4mico, al\u00e9m da participa\u00e7\u00e3o regionalizada de conselhos de classe.<\/p>\n<p><strong>Virada<\/strong><\/p>\n<p>Ao\u00a0<strong>Midiamax,<\/strong>\u00a0o candidato do partido ao Governo e ex-prefeito de Mundo Novo por tr\u00eas mandatos, Humberto Amaducci, afirmou que o t\u00edmido desempenho nas pesquisas de inten\u00e7\u00e3o de voto, j\u00e1 recorrente com o PT, n\u00e3o o desanimam e acredita que na \u2018virada\u2019 eleitoral ter\u00e1 \u201cin\u00edcio a partir de agora\u201d.<\/p>\n<p>Ele tamb\u00e9m criticou algumas a\u00e7\u00f5es do governo tucano de Reinaldo Azambuja, como a \u201cfalta de di\u00e1logo\u201d e \u201ctrucul\u00eancia\u201d na aprova\u00e7\u00e3o da reforma da Previd\u00eancia estadual. \u201cO governo foi truculento ao aprovar essa reforma. No meu governo vamos minimizar o impacto dessa reforma, conversando com os servidores, ser\u00e1 nossa prioridade\u201d, completou.<\/p>\n<p><strong>Carta<\/strong><\/p>\n<p>Preso em Curitiba, o ex-presidente Lula enviou uma carta de apoio aos companheiros de partido, com cr\u00edticas ao governo de Michel Temer e pedidos de voto para os petistas. O l\u00edder maior do partido tamb\u00e9m prometeu \u201ctomar muito terer\u00e9 para comemorar a v\u00edt\u00f3ria de quem sempre esteve do lado certo da hist\u00f3ria\u201d.<\/p>\n<p>\u201cSei que o Zeca vai deixar saudade no Mato Grosso do Sul, mas n\u00f3s precisamos dele em Bras\u00edlia, no Congresso Nacional, onde ele vai nos ajudar a governar o Brasil, pondo fim \u00e0 s\u00e9rie de atentados contra o povo brasileiro cometidos pelos golpistas de Michel Temer e seus aliados tucanos\u201d, afirmou.<\/p>\n","protected":false},"excerpt":{"rendered":"<p>O deputado federal Zeca do PT, candidato ao Senado Federal, anunciou, durante a conven\u00e7\u00e3o do&#8230;<\/p>\n","protected":false},"author":1,"featured_media":20505,"comment_status":"closed","ping_status":"closed","sticky":false,"template":"","format":"standard","meta":{"footnotes":""},"categories":[8,19],"tags":[],"class_list":["post-20503","post","type-post","status-publish","format-standard","has-post-thumbnail","hentry","category-destaque","category-politica"],"_links":{"self":[{"href":"https:\/\/www.corumbaonline.com.br\/news\/wp-json\/wp\/v2\/posts\/20503","targetHints":{"allow":["GET"]}}],"collection":[{"href":"https:\/\/www.corumbaonline.com.br\/news\/wp-json\/wp\/v2\/posts"}],"about":[{"href":"https:\/\/www.corumbaonline.com.br\/news\/wp-json\/wp\/v2\/types\/post"}],"author":[{"embeddable":true,"href":"https:\/\/www.corumbaonline.com.br\/news\/wp-json\/wp\/v2\/users\/1"}],"replies":[{"embeddable":true,"href":"https:\/\/www.corumbaonline.com.br\/news\/wp-json\/wp\/v2\/comments?post=20503"}],"version-history":[{"count":1,"href":"https:\/\/www.corumbaonline.com.br\/news\/wp-json\/wp\/v2\/posts\/20503\/revisions"}],"predecessor-version":[{"id":20506,"href":"https:\/\/www.corumbaonline.com.br\/news\/wp-json\/wp\/v2\/posts\/20503\/revisions\/20506"}],"wp:featuredmedia":[{"embeddable":true,"href":"https:\/\/www.corumbaonline.com.br\/news\/wp-json\/wp\/v2\/media\/20505"}],"wp:attachment":[{"href":"https:\/\/www.corumbaonline.com.br\/news\/wp-json\/wp\/v2\/media?parent=20503"}],"wp:term":[{"taxonomy":"category","embeddable":true,"href":"https:\/\/www.corumbaonline.com.br\/news\/wp-json\/wp\/v2\/categories?post=20503"},{"taxonomy":"post_tag","embeddable":true,"href":"https:\/\/www.corumbaonline.com.br\/news\/wp-json\/wp\/v2\/tags?post=20503"}],"curies":[{"name":"wp","href":"https:\/\/api.w.org\/{rel}","templated":true}]}}