{"id":20507,"date":"2018-07-28T11:54:02","date_gmt":"2018-07-28T15:54:02","guid":{"rendered":"http:\/\/www.corumbaonline.com.br\/news\/?p=20507"},"modified":"2018-07-28T12:48:07","modified_gmt":"2018-07-28T16:48:07","slug":"ptb-confirma-apoio-a-candidatura-de-alckmin","status":"publish","type":"post","link":"https:\/\/www.corumbaonline.com.br\/news\/ptb-confirma-apoio-a-candidatura-de-alckmin\/","title":{"rendered":"PTB confirma apoio \u00e0 candidatura de Alckmin"},"content":{"rendered":"<p>O PTB aprovou hoje (28) apoio \u00e0 candidatura do ex-governador Geraldo Alckmin (PSDB-SP) \u00e0 Presid\u00eancia da Rep\u00fablica. A alian\u00e7a com o PSDB foi homologada em vota\u00e7\u00e3o simb\u00f3lica \u2013 sem registro nominal dos votos, na conven\u00e7\u00e3o do partido. Presente no encontro, Alckmin destacou que o PTB foi o primeiro partido a declarar apoio \u00e0 sua candidatura e defendeu a pacifica\u00e7\u00e3o do pa\u00eds para que a economia volte a crescer e gerar empregos e renda para a popula\u00e7\u00e3o.<\/p>\n<p>Alckmin citou o processo de redemocratiza\u00e7\u00e3o, a Assembleia Nacional Constituinte e a implanta\u00e7\u00e3o do Plano Real, no governo Itamar Franco, como momentos de concilia\u00e7\u00e3o do pa\u00eds. \u201cNosso pa\u00eds est\u00e1 dividido, quanto \u00f3dio, quanto ressentimento. Precisamos unir, pacificar. Todas as vezes que o Brasil teve um esfor\u00e7o conciliat\u00f3rio, a democracia consolidou-se, a economia melhorou e os avan\u00e7os sociais cresceram\u201d, disse.<\/p>\n<p>O tucano foi recebido pela c\u00fapula do PTB na sala de caf\u00e9 da manh\u00e3 do hotel onde ocorreu a conven\u00e7\u00e3o, em Bras\u00edlia. Sentou-se \u00e0 mesa com o presidente nacional do partido, Roberto Jefferson, e outros petebistas. Antes de seguir para a sala da conven\u00e7\u00e3o, tirou fotos com l\u00edderes do partido.<\/p>\n<p>Campos Machado (PTB-SP), Benito Gama (PTB-BA) e Jovair Arantes (PTB-GO) falaram em apoio ao candidato. \u201cCom Alckmin n\u00e3o teremos confisco, bloqueio, nem aventura. Seu projeto baseia-se no trip\u00e9 crescimento, investimento e emprego\u201d, disse Campos Machado.<\/p>\n<p>Em seu discurso, Jefferson fez uma r\u00e1pida retrospectiva do pa\u00eds a partir da era Get\u00falio Vargas, passando pelos governos de Juscelino Kubitschek, Itamar Franco e Fernando Henrique Cardoso, com cr\u00edticas ao per\u00edodo dos ex-presidentes Luiz In\u00e1cio Lula da Silva e Dilma Rousseff. Para o petebista, para voltar a crescer o pa\u00eds precisa fazer reformas: \u201cHoje ou o pa\u00eds reforma ou reforma\u201d.<\/p>\n<p>Citou com priorit\u00e1rias as reformas previdenci\u00e1ria, tribut\u00e1ria e do Estado. \u201cAl\u00e9m da identidade nas reformas, nossa alian\u00e7a \u00e9 inspirada na cidadania e na responsabilidade com a coisa p\u00fablica. N\u00e3o reproduz barganhas\u201d, disse Jefferson. O PTB encerrou a conven\u00e7\u00e3o, debatendo a organiza\u00e7\u00e3o da juventude e das mulheres no partido.<\/p>\n<div class=\"dnd-widget-wrapper context-cheio_8colunas type-image\">\n<div class=\"dnd-atom-rendered\">\n<figure class=\"mejs-fotov-wrapper\"><img decoding=\"async\" class=\"img-responsive full full\" title=\"EBC\/Ag\u00eancia Brasil\" src=\"http:\/\/imagens.ebc.com.br\/FzTizLbDMfO8BbgMmdzbxu1K5j8=\/754x0\/smart\/http:\/\/agenciabrasil.ebc.com.br\/sites\/default\/files\/thumbnails\/image\/2_atualizada_info_convencoes.png?itok=PyjW8A-_\" alt=\"Info conven\u00e7\u00f5es atualizada 2\" \/><\/figure>\n<\/div>\n<\/div>\n","protected":false},"excerpt":{"rendered":"<p>O PTB aprovou hoje (28) apoio \u00e0 candidatura do ex-governador Geraldo Alckmin (PSDB-SP) \u00e0 Presid\u00eancia&#8230;<\/p>\n","protected":false},"author":1,"featured_media":0,"comment_status":"closed","ping_status":"closed","sticky":false,"template":"","format":"standard","meta":{"footnotes":""},"categories":[19],"tags":[],"class_list":["post-20507","post","type-post","status-publish","format-standard","hentry","category-politica"],"_links":{"self":[{"href":"https:\/\/www.corumbaonline.com.br\/news\/wp-json\/wp\/v2\/posts\/20507","targetHints":{"allow":["GET"]}}],"collection":[{"href":"https:\/\/www.corumbaonline.com.br\/news\/wp-json\/wp\/v2\/posts"}],"about":[{"href":"https:\/\/www.corumbaonline.com.br\/news\/wp-json\/wp\/v2\/types\/post"}],"author":[{"embeddable":true,"href":"https:\/\/www.corumbaonline.com.br\/news\/wp-json\/wp\/v2\/users\/1"}],"replies":[{"embeddable":true,"href":"https:\/\/www.corumbaonline.com.br\/news\/wp-json\/wp\/v2\/comments?post=20507"}],"version-history":[{"count":1,"href":"https:\/\/www.corumbaonline.com.br\/news\/wp-json\/wp\/v2\/posts\/20507\/revisions"}],"predecessor-version":[{"id":20508,"href":"https:\/\/www.corumbaonline.com.br\/news\/wp-json\/wp\/v2\/posts\/20507\/revisions\/20508"}],"wp:attachment":[{"href":"https:\/\/www.corumbaonline.com.br\/news\/wp-json\/wp\/v2\/media?parent=20507"}],"wp:term":[{"taxonomy":"category","embeddable":true,"href":"https:\/\/www.corumbaonline.com.br\/news\/wp-json\/wp\/v2\/categories?post=20507"},{"taxonomy":"post_tag","embeddable":true,"href":"https:\/\/www.corumbaonline.com.br\/news\/wp-json\/wp\/v2\/tags?post=20507"}],"curies":[{"name":"wp","href":"https:\/\/api.w.org\/{rel}","templated":true}]}}