{"id":20509,"date":"2018-07-28T13:02:34","date_gmt":"2018-07-28T17:02:34","guid":{"rendered":"http:\/\/www.corumbaonline.com.br\/news\/?p=20509"},"modified":"2018-07-28T13:02:34","modified_gmt":"2018-07-28T17:02:34","slug":"dc-confirma-candidatura-de-jose-maria-eymael-a-eleicao-presidencial","status":"publish","type":"post","link":"https:\/\/www.corumbaonline.com.br\/news\/dc-confirma-candidatura-de-jose-maria-eymael-a-eleicao-presidencial\/","title":{"rendered":"DC confirma candidatura de Jos\u00e9 Maria Eymael \u00e0 elei\u00e7\u00e3o presidencial"},"content":{"rendered":"<p>O partido Democracia Crist\u00e3 (DC) confirmou na manh\u00e3 de hoje (28), durante conven\u00e7\u00e3o na capital paulista, a candidatura de Jos\u00e9 Maria Eymael \u00e0 presid\u00eancia da Rep\u00fablica, nas elei\u00e7\u00f5es de outubro, e do pastor da Assembleia de Deus Helvio Costa como vice-presidente.<\/p>\n<p>\u201cTenho absoluta convic\u00e7\u00e3o que estou vendo na minha frente deputados e deputadas federais que me ajudaram a governar em Bras\u00edlia. Estou vendo tamb\u00e9m mulheres e homens que irei cumprimentar na assembleia legislativa de S\u00e3o Paulo. Tenho absoluta convic\u00e7\u00e3o do que estou dizendo. N\u00f3s vamos mostrar ao Brasil a for\u00e7a da democracia crist\u00e3 de S\u00e3o Paulo\u201d, disse Eymael.<\/p>\n<p>O candidato, que foi deputado federal constituinte, citou o que considerou conquistas da Constitui\u00e7\u00e3o Federal, como a prote\u00e7\u00e3o da fam\u00edlia, defesa do contribuinte e benef\u00edcios aos pequenos produtores rurais. O candidato tamb\u00e9m se posicionou contra a corrup\u00e7\u00e3o e disse que o partido quer um pa\u00eds onde exista a igualdade de oportunidade. \u201cTodos n\u00f3s podemos afirmar com orgulho que a minha hist\u00f3ria \u00e9 uma hist\u00f3ria de vida limpa. Ningu\u00e9m pode me apontar um dedo acusador porque minha vida \u00e9 limpa. Porque sou um democrata crist\u00e3o\u201d, disse o candidato.<\/p>\n<h2>Propostas<\/h2>\n<p>Na \u00e1rea econ\u00f4mica, as diretrizes gerais de governo do DC incluem pol\u00edtica macroecon\u00f4mica orientada para diminui\u00e7\u00e3o do custo do cr\u00e9dito ao setor produtivo, apoio e incentivo ao turismo e a valoriza\u00e7\u00e3o do agroneg\u00f3cio com a\u00e7\u00f5es de governo espec\u00edficas, que ainda n\u00e3o foram divulgadas, e apoio aos pequenos e m\u00e9dios produtores rurais.<\/p>\n<p>Em rela\u00e7\u00e3o \u00e0 seguran\u00e7a p\u00fablica, o candidato pretende dar continuidade ao Minist\u00e9rio da Seguran\u00e7a P\u00fablica e condi\u00e7\u00f5es necess\u00e1rias para a realiza\u00e7\u00e3o das atividades de sua compet\u00eancia. Na \u00e1rea de sa\u00fade, o programa inclui continuidade da pol\u00edtica do Sistema \u00danico de Sa\u00fade (SUS).<\/p>\n<p>Na educa\u00e7\u00e3o, al\u00e9m da amplia\u00e7\u00e3o de vagas no ensino p\u00fablico universit\u00e1rio e em cursos profissionalizantes, o programa prev\u00ea a inclus\u00e3o da disciplina Educa\u00e7\u00e3o Moral e C\u00edvica no ensino fundamental.<\/p>\n<h2>Perfil do candidato<\/h2>\n<p>Jos\u00e9 Maria Eymael nasceu em Porto Alegre (RS), cursou Filosofia e Direito na Pontif\u00edcia Universidade Cat\u00f3lica (PUC) do Rio Grande do Sul. Ele se formou em direito, com especializa\u00e7\u00e3o em Direito Tribut\u00e1rio, e atua como empres\u00e1rio h\u00e1 46 anos nas \u00e1reas de marketing, comunica\u00e7\u00e3o e inform\u00e1tica.<\/p>\n<p>Eymael \u00e9 o mais velho de sete filhos de um servidor p\u00fablico do Rio Grande do Sul, come\u00e7ou a trabalhar aos doze anos de idade como auxiliar de tipografia. Mais tarde foi um dos l\u00edderes da Juventude Operaria Cat\u00f3lica (JOC). Como l\u00edder universit\u00e1rio, presidiu o Centro Acad\u00eamico S\u00e3o Tom\u00e1s de Aquino da Faculdade de Filosofia da PUC-RS e a Federa\u00e7\u00e3o dos Estudantes de Universidades Particulares do Rio Grande do Sul (FEUP).<\/p>\n<p>Nessas fun\u00e7\u00f5es, coordenou campanhas nacionais e regionais como a do Barateamento do Livro Did\u00e1tico. Em 1962, ingressou no Partido Democrata Crist\u00e3o (PDC) em Porto Alegre, passando a atuar na Juventude Democrata Crist\u00e3.<\/p>\n<div class=\"dnd-widget-wrapper context-cheio_8colunas type-image\">\n<div class=\"dnd-atom-rendered\">\n<figure class=\"mejs-fotov-wrapper\"><img decoding=\"async\" class=\"img-responsive full full\" title=\"EBC\/Ag\u00eancia Brasil\" src=\"http:\/\/imagens.ebc.com.br\/FzTizLbDMfO8BbgMmdzbxu1K5j8=\/754x0\/smart\/http:\/\/agenciabrasil.ebc.com.br\/sites\/default\/files\/thumbnails\/image\/2_atualizada_info_convencoes.png?itok=PyjW8A-_\" alt=\"Info conven\u00e7\u00f5es atualizada 2\" \/><\/figure>\n<\/div>\n<div class=\"dnd-caption-wrapper\"><\/div>\n<\/div>\n<p>&nbsp;<\/p>\n","protected":false},"excerpt":{"rendered":"<p>O partido Democracia Crist\u00e3 (DC) confirmou na manh\u00e3 de hoje (28), durante conven\u00e7\u00e3o na capital&#8230;<\/p>\n","protected":false},"author":1,"featured_media":0,"comment_status":"closed","ping_status":"closed","sticky":false,"template":"","format":"standard","meta":{"footnotes":""},"categories":[19],"tags":[],"class_list":["post-20509","post","type-post","status-publish","format-standard","hentry","category-politica"],"_links":{"self":[{"href":"https:\/\/www.corumbaonline.com.br\/news\/wp-json\/wp\/v2\/posts\/20509","targetHints":{"allow":["GET"]}}],"collection":[{"href":"https:\/\/www.corumbaonline.com.br\/news\/wp-json\/wp\/v2\/posts"}],"about":[{"href":"https:\/\/www.corumbaonline.com.br\/news\/wp-json\/wp\/v2\/types\/post"}],"author":[{"embeddable":true,"href":"https:\/\/www.corumbaonline.com.br\/news\/wp-json\/wp\/v2\/users\/1"}],"replies":[{"embeddable":true,"href":"https:\/\/www.corumbaonline.com.br\/news\/wp-json\/wp\/v2\/comments?post=20509"}],"version-history":[{"count":1,"href":"https:\/\/www.corumbaonline.com.br\/news\/wp-json\/wp\/v2\/posts\/20509\/revisions"}],"predecessor-version":[{"id":20510,"href":"https:\/\/www.corumbaonline.com.br\/news\/wp-json\/wp\/v2\/posts\/20509\/revisions\/20510"}],"wp:attachment":[{"href":"https:\/\/www.corumbaonline.com.br\/news\/wp-json\/wp\/v2\/media?parent=20509"}],"wp:term":[{"taxonomy":"category","embeddable":true,"href":"https:\/\/www.corumbaonline.com.br\/news\/wp-json\/wp\/v2\/categories?post=20509"},{"taxonomy":"post_tag","embeddable":true,"href":"https:\/\/www.corumbaonline.com.br\/news\/wp-json\/wp\/v2\/tags?post=20509"}],"curies":[{"name":"wp","href":"https:\/\/api.w.org\/{rel}","templated":true}]}}