{"id":20511,"date":"2018-07-28T13:36:54","date_gmt":"2018-07-28T17:36:54","guid":{"rendered":"http:\/\/www.corumbaonline.com.br\/news\/?p=20511"},"modified":"2018-07-28T13:06:19","modified_gmt":"2018-07-28T17:06:19","slug":"comissao-dos-refugiados-haitianos-apresenta-relatorio-ao-conselho-seccional","status":"publish","type":"post","link":"https:\/\/www.corumbaonline.com.br\/news\/comissao-dos-refugiados-haitianos-apresenta-relatorio-ao-conselho-seccional\/","title":{"rendered":"Comiss\u00e3o dos refugiados haitianos apresenta relat\u00f3rio ao Conselho Seccional"},"content":{"rendered":"<p>O Presidente da Comiss\u00e3o Provis\u00f3ria de Acompanhamento dos Refugiados Haitianos da Ordem dos Advogados do Brasil, Seccional Mato Grosso do Sul (OAB\/MS), Elton Lu\u00eds Nasser de Mello apresentou na manh\u00e3 desta sexta-feira (27) ao Conselho um relat\u00f3rio das atividades realizadas e as conquistas alcan\u00e7adas.<\/p>\n<p>Em visita a Corumb\u00e1 nos dias 13 e 14 de julho, os membros da Comiss\u00e3o encontraram os refugiados em situa\u00e7\u00e3o periclitante. Um relat\u00f3rio elaborado pela comiss\u00e3o destacou que a situa\u00e7\u00e3o dos haitianos em Corumb\u00e1 era grav\u00edssima e mesmo com a solidariedade da comunidade corumbaense havia uma necessidade de a\u00e7\u00f5es conjuntas e emergenciais do Poder P\u00fablico.<\/p>\n<p>O relat\u00f3rio foi entregue ao Ministro da Seguran\u00e7a P\u00fablica Raul Jungmann, que esteve em Campo Grande no dia 19 de julho participando do F\u00f3rum de Seguran\u00e7a P\u00fablica realizado pela OAB\/MS, e na ocasi\u00e3o o Presidente da Comiss\u00e3o acompanhado pelo Presidente da Ordem Mansour Karmouche, contou ao Ministro sobre a necessidade do aumento do efetivo da Pol\u00edcia Federal na regi\u00e3o para melhor atender os refugiados.<\/p>\n<p>Uma for\u00e7a tarefa foi montada pela Pol\u00edcia Federal e a situa\u00e7\u00e3o dos refugiados no munic\u00edpio foi controlada.\u00a0O Presidente da Comiss\u00e3o fez quest\u00e3o de agradecer e enaltecer a atua\u00e7\u00e3o das entidades envolvidas.<\/p>\n<p>\u201cVenho deixar um registro de elogio a atua\u00e7\u00e3o da Pol\u00edcia Federal, na pessoa do doutor Iuri de Oliveira, a Subse\u00e7\u00e3o da OAB de Corumb\u00e1, a Defensoria P\u00fablica da Uni\u00e3o, na pessoa da doutora Daniele Os\u00f3rio, a doutora Maria Ol\u00edvia e ao doutor Pedro Gabriel no Minist\u00e9rio P\u00fablico Federal e tamb\u00e9m a sociedade civil de Corumb\u00e1, que se uniu em prol dessa causa. Tamb\u00e9m quero fazer um agradecimento a imprensa, pois pelo trabalho que faz consegue mostrar aquilo que n\u00e3o est\u00e1 sendo visto, despertando sentimento no cora\u00e7\u00e3o das pessoas e assim elas se mobilizam em prol do pr\u00f3ximo\u201d, disse.<\/p>\n<p>O Presidente da OAB\/MS, Mansour Elias Karmouche enelteceu o trabalho realizado pelo Comiss\u00e3o e destacou a import\u00e2ncia da participa\u00e7\u00e3o da Ordem em assuntos de interesse da sociedade.<\/p>\n<p>\u201cQuero enaltecer o trabalho realizado pelo Presidente e pela Comiss\u00e3o de refugiados, dignificando a nossa institui\u00e7\u00e3o e mostrando mais uma vez para a sociedade qu\u00e3o importante \u00e9 a participa\u00e7\u00e3o da Ordem na sociedade, atendendo os reclamos que precisam e principalmente no que tange a dignidade da pessoa humana\u201d.<\/p>\n<p>No dia 3 de agosto ser\u00e1 realizada uma Audi\u00eancia P\u00fablica, de iniciativa do MPF, para tra\u00e7ar planos para uma atua\u00e7\u00e3o preventiva.<\/p>\n","protected":false},"excerpt":{"rendered":"<p>O Presidente da Comiss\u00e3o Provis\u00f3ria de Acompanhamento dos Refugiados Haitianos da Ordem dos Advogados do&#8230;<\/p>\n","protected":false},"author":1,"featured_media":20512,"comment_status":"closed","ping_status":"closed","sticky":false,"template":"","format":"standard","meta":{"footnotes":""},"categories":[14],"tags":[],"class_list":["post-20511","post","type-post","status-publish","format-standard","has-post-thumbnail","hentry","category-geral"],"_links":{"self":[{"href":"https:\/\/www.corumbaonline.com.br\/news\/wp-json\/wp\/v2\/posts\/20511","targetHints":{"allow":["GET"]}}],"collection":[{"href":"https:\/\/www.corumbaonline.com.br\/news\/wp-json\/wp\/v2\/posts"}],"about":[{"href":"https:\/\/www.corumbaonline.com.br\/news\/wp-json\/wp\/v2\/types\/post"}],"author":[{"embeddable":true,"href":"https:\/\/www.corumbaonline.com.br\/news\/wp-json\/wp\/v2\/users\/1"}],"replies":[{"embeddable":true,"href":"https:\/\/www.corumbaonline.com.br\/news\/wp-json\/wp\/v2\/comments?post=20511"}],"version-history":[{"count":1,"href":"https:\/\/www.corumbaonline.com.br\/news\/wp-json\/wp\/v2\/posts\/20511\/revisions"}],"predecessor-version":[{"id":20513,"href":"https:\/\/www.corumbaonline.com.br\/news\/wp-json\/wp\/v2\/posts\/20511\/revisions\/20513"}],"wp:featuredmedia":[{"embeddable":true,"href":"https:\/\/www.corumbaonline.com.br\/news\/wp-json\/wp\/v2\/media\/20512"}],"wp:attachment":[{"href":"https:\/\/www.corumbaonline.com.br\/news\/wp-json\/wp\/v2\/media?parent=20511"}],"wp:term":[{"taxonomy":"category","embeddable":true,"href":"https:\/\/www.corumbaonline.com.br\/news\/wp-json\/wp\/v2\/categories?post=20511"},{"taxonomy":"post_tag","embeddable":true,"href":"https:\/\/www.corumbaonline.com.br\/news\/wp-json\/wp\/v2\/tags?post=20511"}],"curies":[{"name":"wp","href":"https:\/\/api.w.org\/{rel}","templated":true}]}}