{"id":20514,"date":"2018-07-29T12:00:59","date_gmt":"2018-07-29T16:00:59","guid":{"rendered":"http:\/\/www.corumbaonline.com.br\/news\/?p=20514"},"modified":"2018-07-29T16:33:53","modified_gmt":"2018-07-29T20:33:53","slug":"senadora-simone-tebet-e-pre-candidata-ao-governo-de-mato-grosso-do-sul","status":"publish","type":"post","link":"https:\/\/www.corumbaonline.com.br\/news\/senadora-simone-tebet-e-pre-candidata-ao-governo-de-mato-grosso-do-sul\/","title":{"rendered":"Senadora Simone Tebet \u00e9 pr\u00e9-candidata ao governo de Mato Grosso do Sul"},"content":{"rendered":"<p>A senadora Simone Tebet ser\u00e1 pr\u00e9-candidata do MDB ao governo de Mato Grosso do Sul a pedido do ex-governador Andr\u00e9 Puccinelli e do MDB.<\/p>\n<p>O senador Waldemir Moka acabou de confirmar a decis\u00e3o, tomada nesta manh\u00e3, com exclusividade ao\u00a0<strong>Jornal Midiamax<\/strong>.<\/p>\n<p>A decis\u00e3o tem o apoio un\u00e2nime dos deputados estaduais e federais do partido e dos demais integrantes do diret\u00f3rio.<\/p>\n<p>A senadora ir\u00e1 convocar o partido para uma reuni\u00e3o e ainda neste domingo inicia as negocia\u00e7\u00f5es para a montagem da chapa.<\/p>\n<p>Seu nome ser\u00e1 levado \u00e0 conven\u00e7\u00e3o do partido, marcada para o pr\u00f3ximo s\u00e1bado (4) em Campo Grande.<\/p>\n<h3><strong>Trajet\u00f3ria<\/strong><\/h3>\n<p>Simone come\u00e7ou sua carreira na Assembleia Legislativa atuando como consultora t\u00e9cnica jur\u00eddica entre 1995 e 1997. Depois, foi diretora t\u00e9cnica legislativa at\u00e9 2001. Foi eleita deputada estadual pelo ent\u00e3o PMDB em 2002, encorajada pelo apoio de grandes nomes da pol\u00edtica do Estado, entre eles, o seu pai, Ramez Tebet.<\/p>\n<p>Em 2004, decidiu concorrer \u00e0 prefeitura de Tr\u00eas Lagoas e se tornou a\u00a0primeira mulher a governar a cidade, obtendo 66,72% dos 43.832 votos. Em 2008, foi reeleita com uma das maiores aceita\u00e7\u00f5es do Estado, atingindo 76% dos votos v\u00e1lidos.<\/p>\n<p>Em 2011 assumiu o cargo de vice-governadora de Mato Grosso do Sul ao lado do ent\u00e3o governador do Estado Andr\u00e9 Puccinelli. Como vice-governadora teve um papel atuante, esteve oito vezes interinamente \u00e0 frente do governo, e foi a primeira mulher a ocupar esta posi\u00e7\u00e3o.<\/p>\n<p>Em 2014 Simone foi eleita ao Senado Federal com 640.336 mil votos, o que corresponde a 52,61% do eleitorado de Mato Grosso do Sul.<\/p>\n","protected":false},"excerpt":{"rendered":"<p>A senadora Simone Tebet ser\u00e1 pr\u00e9-candidata do MDB ao governo de Mato Grosso do Sul&#8230;<\/p>\n","protected":false},"author":1,"featured_media":20515,"comment_status":"closed","ping_status":"closed","sticky":false,"template":"","format":"standard","meta":{"footnotes":""},"categories":[8,19],"tags":[],"class_list":["post-20514","post","type-post","status-publish","format-standard","has-post-thumbnail","hentry","category-destaque","category-politica"],"_links":{"self":[{"href":"https:\/\/www.corumbaonline.com.br\/news\/wp-json\/wp\/v2\/posts\/20514","targetHints":{"allow":["GET"]}}],"collection":[{"href":"https:\/\/www.corumbaonline.com.br\/news\/wp-json\/wp\/v2\/posts"}],"about":[{"href":"https:\/\/www.corumbaonline.com.br\/news\/wp-json\/wp\/v2\/types\/post"}],"author":[{"embeddable":true,"href":"https:\/\/www.corumbaonline.com.br\/news\/wp-json\/wp\/v2\/users\/1"}],"replies":[{"embeddable":true,"href":"https:\/\/www.corumbaonline.com.br\/news\/wp-json\/wp\/v2\/comments?post=20514"}],"version-history":[{"count":1,"href":"https:\/\/www.corumbaonline.com.br\/news\/wp-json\/wp\/v2\/posts\/20514\/revisions"}],"predecessor-version":[{"id":20516,"href":"https:\/\/www.corumbaonline.com.br\/news\/wp-json\/wp\/v2\/posts\/20514\/revisions\/20516"}],"wp:featuredmedia":[{"embeddable":true,"href":"https:\/\/www.corumbaonline.com.br\/news\/wp-json\/wp\/v2\/media\/20515"}],"wp:attachment":[{"href":"https:\/\/www.corumbaonline.com.br\/news\/wp-json\/wp\/v2\/media?parent=20514"}],"wp:term":[{"taxonomy":"category","embeddable":true,"href":"https:\/\/www.corumbaonline.com.br\/news\/wp-json\/wp\/v2\/categories?post=20514"},{"taxonomy":"post_tag","embeddable":true,"href":"https:\/\/www.corumbaonline.com.br\/news\/wp-json\/wp\/v2\/tags?post=20514"}],"curies":[{"name":"wp","href":"https:\/\/api.w.org\/{rel}","templated":true}]}}