{"id":20520,"date":"2018-07-29T16:15:16","date_gmt":"2018-07-29T20:15:16","guid":{"rendered":"http:\/\/www.corumbaonline.com.br\/news\/?p=20520"},"modified":"2018-07-29T16:39:17","modified_gmt":"2018-07-29T20:39:17","slug":"vamos-ver-se-vai-ter-o-pique-alfineta-murilo-zauith-sobre-pre-candidatura-de-simone-tebet","status":"publish","type":"post","link":"https:\/\/www.corumbaonline.com.br\/news\/vamos-ver-se-vai-ter-o-pique-alfineta-murilo-zauith-sobre-pre-candidatura-de-simone-tebet\/","title":{"rendered":"\u2018Vamos ver se vai ter o pique\u2019, alfineta Murilo Zauith sobre pr\u00e9-candidatura de Simone Tebet"},"content":{"rendered":"<p>O presidente do Diret\u00f3rio Estadual do Democratas (DEM) em Mato Grosso do Sul, Murilo Zauith, sinalizou que o an\u00fancio da senadora Simone Tebet (MDB-MS) como pr\u00e9-candidata ao governo do Estado n\u00e3o deve mudar os rumos da legenda, que negocia coligar com o PDSB nestas elei\u00e7\u00f5es.<\/p>\n<p>Procurado pela reportagem, Zauith destacou que a parceria com os tucanos est\u00e1 encaminhada e aproveitou para alfinetar a senadora: \u201cVamos ver se ela vai ter o pique de falar do legado do MDB\u201d, disse Zauith, que foi ex-prefeito de Dourados.<\/p>\n<p>Zauith completou: \u201cEu penso que a nossa conversa com o Reinaldo est\u00e1 bem adiantada. Mas, vamos ver que motiva\u00e7\u00e3o ela tem, o entusiasmo dela de ser candidata\u201d, concluiu, referindo-se \u00e0 senadora.<\/p>\n<h1>Prov\u00e1vel-vice<\/h1>\n<p>A articula\u00e7\u00e3o entre o DEM e o PSDB em Mato Grosso do Sul pode render a Murilo Zauith retornar ao cargo de vice-governador na chapa liderada por Reinaldo Azambuja \u2013 ele j\u00e1 foi vice-governador, de 2006 a 2010, durante a gest\u00e3o de Andr\u00e9 Puccinelli (MDB).<\/p>\n<p>A decis\u00e3o final deve ser anunciada no pr\u00f3ximo dia 4, quando o diret\u00f3rio estadual do PSDB realiza conven\u00e7\u00e3o, que oficializar\u00e1 Azambuja como pr\u00e9-candidato a reelei\u00e7\u00e3o.<\/p>\n","protected":false},"excerpt":{"rendered":"<p>O presidente do Diret\u00f3rio Estadual do Democratas (DEM) em Mato Grosso do Sul, Murilo Zauith,&#8230;<\/p>\n","protected":false},"author":1,"featured_media":0,"comment_status":"closed","ping_status":"closed","sticky":false,"template":"","format":"standard","meta":{"footnotes":""},"categories":[19],"tags":[],"class_list":["post-20520","post","type-post","status-publish","format-standard","hentry","category-politica"],"_links":{"self":[{"href":"https:\/\/www.corumbaonline.com.br\/news\/wp-json\/wp\/v2\/posts\/20520","targetHints":{"allow":["GET"]}}],"collection":[{"href":"https:\/\/www.corumbaonline.com.br\/news\/wp-json\/wp\/v2\/posts"}],"about":[{"href":"https:\/\/www.corumbaonline.com.br\/news\/wp-json\/wp\/v2\/types\/post"}],"author":[{"embeddable":true,"href":"https:\/\/www.corumbaonline.com.br\/news\/wp-json\/wp\/v2\/users\/1"}],"replies":[{"embeddable":true,"href":"https:\/\/www.corumbaonline.com.br\/news\/wp-json\/wp\/v2\/comments?post=20520"}],"version-history":[{"count":1,"href":"https:\/\/www.corumbaonline.com.br\/news\/wp-json\/wp\/v2\/posts\/20520\/revisions"}],"predecessor-version":[{"id":20521,"href":"https:\/\/www.corumbaonline.com.br\/news\/wp-json\/wp\/v2\/posts\/20520\/revisions\/20521"}],"wp:attachment":[{"href":"https:\/\/www.corumbaonline.com.br\/news\/wp-json\/wp\/v2\/media?parent=20520"}],"wp:term":[{"taxonomy":"category","embeddable":true,"href":"https:\/\/www.corumbaonline.com.br\/news\/wp-json\/wp\/v2\/categories?post=20520"},{"taxonomy":"post_tag","embeddable":true,"href":"https:\/\/www.corumbaonline.com.br\/news\/wp-json\/wp\/v2\/tags?post=20520"}],"curies":[{"name":"wp","href":"https:\/\/api.w.org\/{rel}","templated":true}]}}