{"id":20536,"date":"2018-07-30T08:36:22","date_gmt":"2018-07-30T12:36:22","guid":{"rendered":"http:\/\/www.corumbaonline.com.br\/news\/?p=20536"},"modified":"2018-07-30T09:09:17","modified_gmt":"2018-07-30T13:09:17","slug":"mulheres-e-meninas-sao-as-principais-vitimas-de-trafico-humano","status":"publish","type":"post","link":"https:\/\/www.corumbaonline.com.br\/news\/mulheres-e-meninas-sao-as-principais-vitimas-de-trafico-humano\/","title":{"rendered":"Mulheres e meninas s\u00e3o as principais v\u00edtimas de tr\u00e1fico humano"},"content":{"rendered":"<p>No Dia Mundial contra o Tr\u00e1fico de Pessoas, celebrado nesta segunda-feira (30), a Organiza\u00e7\u00e3o das Na\u00e7\u00f5es Unidas (ONU) apela para que os pa\u00edses fortale\u00e7am as formas de combater esse crime contra seres humanos.<\/p>\n<p>Relat\u00f3rio da ONU revela que quase um ter\u00e7o das v\u00edtimas desse tipo de crime s\u00e3o crian\u00e7as. Atualmente, 71% das pessoas traficadas s\u00e3o meninas e mulheres.<\/p>\n<p>No Dia Mundial contra o Tr\u00e1fico de Pessoas o tema lan\u00e7ado \u00e9 \u201cRespondendo ao tr\u00e1fico de crian\u00e7as e jovens\u201d. Relat\u00f3rio da Organiza\u00e7\u00e3o Internacional do Trabalho (OIT) calcula que o mundo tenha pelo menos 21 milh\u00f5es de v\u00edtimas de trabalho for\u00e7ado. O n\u00famero exato \u00e9 desconhecido.<\/p>\n<p>Em comunicado, a relatora especial da ONU sobre tr\u00e1fico de pessoas, a italiana Maria Grazia Giammarinaro, disse que muitas pessoas s\u00e3o enganadas por criminosos e traficantes incluindo imigrantes, refugiados e pedidos de asilo, em busca de prote\u00e7\u00e3o ou de uma vida melhor.<\/p>\n<h2>Amea\u00e7a<\/h2>\n<p>Para a relatora, o clima pol\u00edtico atual contra a imigra\u00e7\u00e3o trata as pessoas como amea\u00e7a, quando elas podem contribuir para a prosperidade dos pa\u00edses onde vivem e trabalham.<\/p>\n<p>Maria Grazia ressaltou que os pa\u00edses t\u00eam a obriga\u00e7\u00e3o de evitar o tr\u00e1fico, classificado como viola\u00e7\u00e3o dos direitos humanos. Ela citou o Pacto Global para Migra\u00e7\u00e3o, que estabelece que os pa\u00edses devem ter medidas individuais e indicadores de identifica\u00e7\u00e3o dos migrantes propensos a tr\u00e1fico e explora\u00e7\u00e3o, incluindo os mecanismos internacionais de prote\u00e7\u00e3o.<\/p>\n<p>O pacto deve ser adotado durante encontro internacional no Marrocos, em dezembro deste ano.<\/p>\n<p>O comunicado ressalta que, em todo mundo, a sociedade e organiza\u00e7\u00f5es civis t\u00eam desempenhado um papel importante para salvar vidas e proteger as pessoas do tr\u00e1fico durante opera\u00e7\u00f5es de busca e resgate.<\/p>\n<p>A relatora finaliza o comunicado dizendo que, mesmo em tempo dif\u00edceis, a inclus\u00e3o \u00e9 a resposta para salvar as pessoas. O Dia Mundial contra o Tr\u00e1fico de Pessoas \u00e9 liderado pelo Escrit\u00f3rio da ONU sobre Drogas e Crime (Unodc).<\/p>\n","protected":false},"excerpt":{"rendered":"<p>No Dia Mundial contra o Tr\u00e1fico de Pessoas, celebrado nesta segunda-feira (30), a Organiza\u00e7\u00e3o das&#8230;<\/p>\n","protected":false},"author":1,"featured_media":0,"comment_status":"closed","ping_status":"closed","sticky":false,"template":"","format":"standard","meta":{"footnotes":""},"categories":[15],"tags":[],"class_list":["post-20536","post","type-post","status-publish","format-standard","hentry","category-internacional"],"_links":{"self":[{"href":"https:\/\/www.corumbaonline.com.br\/news\/wp-json\/wp\/v2\/posts\/20536","targetHints":{"allow":["GET"]}}],"collection":[{"href":"https:\/\/www.corumbaonline.com.br\/news\/wp-json\/wp\/v2\/posts"}],"about":[{"href":"https:\/\/www.corumbaonline.com.br\/news\/wp-json\/wp\/v2\/types\/post"}],"author":[{"embeddable":true,"href":"https:\/\/www.corumbaonline.com.br\/news\/wp-json\/wp\/v2\/users\/1"}],"replies":[{"embeddable":true,"href":"https:\/\/www.corumbaonline.com.br\/news\/wp-json\/wp\/v2\/comments?post=20536"}],"version-history":[{"count":1,"href":"https:\/\/www.corumbaonline.com.br\/news\/wp-json\/wp\/v2\/posts\/20536\/revisions"}],"predecessor-version":[{"id":20537,"href":"https:\/\/www.corumbaonline.com.br\/news\/wp-json\/wp\/v2\/posts\/20536\/revisions\/20537"}],"wp:attachment":[{"href":"https:\/\/www.corumbaonline.com.br\/news\/wp-json\/wp\/v2\/media?parent=20536"}],"wp:term":[{"taxonomy":"category","embeddable":true,"href":"https:\/\/www.corumbaonline.com.br\/news\/wp-json\/wp\/v2\/categories?post=20536"},{"taxonomy":"post_tag","embeddable":true,"href":"https:\/\/www.corumbaonline.com.br\/news\/wp-json\/wp\/v2\/tags?post=20536"}],"curies":[{"name":"wp","href":"https:\/\/api.w.org\/{rel}","templated":true}]}}