{"id":20540,"date":"2018-07-30T08:58:18","date_gmt":"2018-07-30T12:58:18","guid":{"rendered":"http:\/\/www.corumbaonline.com.br\/news\/?p=20540"},"modified":"2018-07-30T09:40:18","modified_gmt":"2018-07-30T13:40:18","slug":"regioes-sul-e-oeste-do-estado-comecam-semana-com-queda-de-temperatura","status":"publish","type":"post","link":"https:\/\/www.corumbaonline.com.br\/news\/regioes-sul-e-oeste-do-estado-comecam-semana-com-queda-de-temperatura\/","title":{"rendered":"Regi\u00f5es Sul e Oeste do Estado come\u00e7am semana com queda de temperatura"},"content":{"rendered":"<p>Frente fria deixa o tempo nublado com possibilidade de chuvisco e queda de temperatura\u00a0no Oeste e Sul de Mato Grosso do Sul podendo fazer frio nestas regi\u00f5es.<\/p>\n<p>Nas demais \u00e1reas a segunda-feira (30.7) ser\u00e1 de c\u00e9u parcialmente\u00a0nublado, mas sem possibilidade de chuva. A umidade relativa do ar registra varia\u00e7\u00e3o de 90% a 30% enquanto as temperaturas marcam de 10\u00b0C a 33\u00b0C. As informa\u00e7\u00f5es s\u00e3o do Centro de Monitoramento do Tempo, do Clima e dos Recursos H\u00eddricos (Cemtec). Confira o mapa.<\/p>\n<p><a href=\"http:\/\/www.ms.gov.br\/wp-content\/uploads\/sites\/150\/2018\/07\/previs%C3%A3o-30_07_03.jpg\"><img loading=\"lazy\" decoding=\"async\" class=\"alignnone wp-image-233680 size-large\" src=\"http:\/\/www.ms.gov.br\/wp-content\/uploads\/sites\/150\/2018\/07\/previs%C3%A3o-30_07_03-1024x787.jpg\" sizes=\"auto, (max-width: 1024px) 100vw, 1024px\" srcset=\"http:\/\/www.ms.gov.br\/wp-content\/uploads\/sites\/150\/2018\/07\/previs\u00e3o-30_07_03-1024x787.jpg 1024w, http:\/\/www.ms.gov.br\/wp-content\/uploads\/sites\/150\/2018\/07\/previs\u00e3o-30_07_03-300x231.jpg 300w, http:\/\/www.ms.gov.br\/wp-content\/uploads\/sites\/150\/2018\/07\/previs\u00e3o-30_07_03-768x590.jpg 768w, http:\/\/www.ms.gov.br\/wp-content\/uploads\/sites\/150\/2018\/07\/previs\u00e3o-30_07_03.jpg 1202w\" alt=\"\" width=\"1024\" height=\"787\" \/><\/a><\/p>\n<p><em>Karla Tatiane \u2013 Subsecretaria de Comunica\u00e7\u00e3o (Subcom)<\/em><\/p>\n","protected":false},"excerpt":{"rendered":"<p>Frente fria deixa o tempo nublado com possibilidade de chuvisco e queda de temperatura\u00a0no Oeste&#8230;<\/p>\n","protected":false},"author":1,"featured_media":0,"comment_status":"closed","ping_status":"closed","sticky":false,"template":"","format":"standard","meta":{"footnotes":""},"categories":[17],"tags":[],"class_list":["post-20540","post","type-post","status-publish","format-standard","hentry","category-meio-ambiente"],"_links":{"self":[{"href":"https:\/\/www.corumbaonline.com.br\/news\/wp-json\/wp\/v2\/posts\/20540","targetHints":{"allow":["GET"]}}],"collection":[{"href":"https:\/\/www.corumbaonline.com.br\/news\/wp-json\/wp\/v2\/posts"}],"about":[{"href":"https:\/\/www.corumbaonline.com.br\/news\/wp-json\/wp\/v2\/types\/post"}],"author":[{"embeddable":true,"href":"https:\/\/www.corumbaonline.com.br\/news\/wp-json\/wp\/v2\/users\/1"}],"replies":[{"embeddable":true,"href":"https:\/\/www.corumbaonline.com.br\/news\/wp-json\/wp\/v2\/comments?post=20540"}],"version-history":[{"count":1,"href":"https:\/\/www.corumbaonline.com.br\/news\/wp-json\/wp\/v2\/posts\/20540\/revisions"}],"predecessor-version":[{"id":20541,"href":"https:\/\/www.corumbaonline.com.br\/news\/wp-json\/wp\/v2\/posts\/20540\/revisions\/20541"}],"wp:attachment":[{"href":"https:\/\/www.corumbaonline.com.br\/news\/wp-json\/wp\/v2\/media?parent=20540"}],"wp:term":[{"taxonomy":"category","embeddable":true,"href":"https:\/\/www.corumbaonline.com.br\/news\/wp-json\/wp\/v2\/categories?post=20540"},{"taxonomy":"post_tag","embeddable":true,"href":"https:\/\/www.corumbaonline.com.br\/news\/wp-json\/wp\/v2\/tags?post=20540"}],"curies":[{"name":"wp","href":"https:\/\/api.w.org\/{rel}","templated":true}]}}