{"id":20542,"date":"2018-07-30T09:30:46","date_gmt":"2018-07-30T13:30:46","guid":{"rendered":"http:\/\/www.corumbaonline.com.br\/news\/?p=20542"},"modified":"2018-07-30T10:03:53","modified_gmt":"2018-07-30T14:03:53","slug":"colisao-entre-carro-e-moto-deixa-duas-pessoas-feridas-no-anel-viario","status":"publish","type":"post","link":"https:\/\/www.corumbaonline.com.br\/news\/colisao-entre-carro-e-moto-deixa-duas-pessoas-feridas-no-anel-viario\/","title":{"rendered":"Colis\u00e3o entre carro e moto deixa duas pessoas feridas no Anel Vi\u00e1rio"},"content":{"rendered":"<p>A Central de Opera\u00e7\u00f5es do Corpo de Bombeiros Militar de Corumb\u00e1 registrou 11 atendimentos no plant\u00e3o das \u00faltimas 24 horas. Um acidente envolvendo carro e moto mobilizou as viaturas de resgate por volta de 19h20 deste domingo (29) para a \u00a0rua 21 de Setembro, regi\u00e3o do Anel Vi\u00e1rio, na BR-262.<\/p>\n<p>Os dois ocupantes da motocicleta ficaram feridos. O condutor do ve\u00edculo, um homem de 20 anos apresentava corte na m\u00e3o esquerda e reclamava de fortes dores nas costas. J\u00e1 a passageira, de 23 anos, tinha um corte de intensa gravidade na coxa direita, devido a grande perda de sangue. Ambos receberam atendimento emergencial e foram removidos ao pronto-socorro municipal.<\/p>\n","protected":false},"excerpt":{"rendered":"<p>A Central de Opera\u00e7\u00f5es do Corpo de Bombeiros Militar de Corumb\u00e1 registrou 11 atendimentos no&#8230;<\/p>\n","protected":false},"author":1,"featured_media":20543,"comment_status":"closed","ping_status":"closed","sticky":false,"template":"","format":"standard","meta":{"footnotes":""},"categories":[18],"tags":[],"class_list":["post-20542","post","type-post","status-publish","format-standard","has-post-thumbnail","hentry","category-seguranca"],"_links":{"self":[{"href":"https:\/\/www.corumbaonline.com.br\/news\/wp-json\/wp\/v2\/posts\/20542","targetHints":{"allow":["GET"]}}],"collection":[{"href":"https:\/\/www.corumbaonline.com.br\/news\/wp-json\/wp\/v2\/posts"}],"about":[{"href":"https:\/\/www.corumbaonline.com.br\/news\/wp-json\/wp\/v2\/types\/post"}],"author":[{"embeddable":true,"href":"https:\/\/www.corumbaonline.com.br\/news\/wp-json\/wp\/v2\/users\/1"}],"replies":[{"embeddable":true,"href":"https:\/\/www.corumbaonline.com.br\/news\/wp-json\/wp\/v2\/comments?post=20542"}],"version-history":[{"count":1,"href":"https:\/\/www.corumbaonline.com.br\/news\/wp-json\/wp\/v2\/posts\/20542\/revisions"}],"predecessor-version":[{"id":20544,"href":"https:\/\/www.corumbaonline.com.br\/news\/wp-json\/wp\/v2\/posts\/20542\/revisions\/20544"}],"wp:featuredmedia":[{"embeddable":true,"href":"https:\/\/www.corumbaonline.com.br\/news\/wp-json\/wp\/v2\/media\/20543"}],"wp:attachment":[{"href":"https:\/\/www.corumbaonline.com.br\/news\/wp-json\/wp\/v2\/media?parent=20542"}],"wp:term":[{"taxonomy":"category","embeddable":true,"href":"https:\/\/www.corumbaonline.com.br\/news\/wp-json\/wp\/v2\/categories?post=20542"},{"taxonomy":"post_tag","embeddable":true,"href":"https:\/\/www.corumbaonline.com.br\/news\/wp-json\/wp\/v2\/tags?post=20542"}],"curies":[{"name":"wp","href":"https:\/\/api.w.org\/{rel}","templated":true}]}}