{"id":20562,"date":"2018-07-30T11:34:32","date_gmt":"2018-07-30T15:34:32","guid":{"rendered":"http:\/\/www.corumbaonline.com.br\/news\/?p=20562"},"modified":"2018-07-30T11:47:23","modified_gmt":"2018-07-30T15:47:23","slug":"ifms-reabre-inscricoes-para-especializacao-em-docencia","status":"publish","type":"post","link":"https:\/\/www.corumbaonline.com.br\/news\/ifms-reabre-inscricoes-para-especializacao-em-docencia\/","title":{"rendered":"IFMS reabre inscri\u00e7\u00f5es para especializa\u00e7\u00e3o em Doc\u00eancia"},"content":{"rendered":"<p>O Instituto Federal de Mato Grosso do Sul (IFMS) reabriu o prazo de inscri\u00e7\u00f5es para ingresso na especializa\u00e7\u00e3o em Doc\u00eancia para a Educa\u00e7\u00e3o Profissional, Cient\u00edfica e Tecnol\u00f3gica. S\u00e3o ofertadas 155 vagas distribu\u00eddas em Corumb\u00e1, Dourados, Jardim e Ponta Por\u00e3, sendo que metade \u00e9 reservada a servidores da institui\u00e7\u00e3o e as demais s\u00e3o para o p\u00fablico externo.<\/p>\n<p>As inscri\u00e7\u00f5es podem ser feitas at\u00e9 quinta-feira, 2, na P\u00e1gina do Candidato da Central de Sele\u00e7\u00e3o, onde tamb\u00e9m \u00e9 poss\u00edvel consultar o edital do processo seletivo. O endere\u00e7o \u00e9\u00a0<a href=\"http:\/\/www.ifms.edu.br:9000\/lists\/lt.php?tid=KxlUBVIOWlMFVUtXAlBSTlBUBQROAA0KBxtbXwVVUQlVVgFRVFofBVQAU1IHUAdOUANTVE4NXQEGG1oHVgZPAFEHUwBQD1ZVB1heH1ICAwYCUlcDTghaXAYbDFZQBk8JVlZUH1AKVgBWAgNWVAIABw\" target=\"_blank\" rel=\"noopener noreferrer\">www.ifms.edu.br\/centraldeselecao<\/a>.<\/p>\n<p>Ap\u00f3s se inscrever pela internet, o candidato deve confirmar a inscri\u00e7\u00e3o na Central de Relacionamento (Cerel) do campus onde concorre \u00e0 vaga. \u00c9 preciso apresentar o comprovante de inscri\u00e7\u00e3o e um documento de identifica\u00e7\u00e3o com foto. O prazo da confirma\u00e7\u00e3o tamb\u00e9m vai at\u00e9 2 de agosto. Os endere\u00e7os e hor\u00e1rios de atendimento est\u00e3o dispon\u00edveis no edital e na tabela ao final deste texto.<\/p>\n<p><strong>Sele\u00e7\u00e3o &#8211;<\/strong>\u00a0Ser\u00e1 feita por meio de sorteio eletr\u00f4nico que, de acordo com o novo cronograma do processo seletivo, est\u00e1 previsto para ocorrer no dia 9 de agosto. O resultado preliminar ser\u00e1 divulgado no dia seguinte.<\/p>\n<p>A previs\u00e3o \u00e9 que o resultado final seja publicado no dia 15. Os selecionados dever\u00e3o fazer a matr\u00edcula entre 16 e 21 de agosto, e as aulas ter\u00e3o in\u00edcio no dia 22.<\/p>\n<p><strong>Especializa\u00e7\u00e3o &#8211;\u00a0<\/strong>Destina-se \u00e0 forma\u00e7\u00e3o de professores e\/ou especialistas em Educa\u00e7\u00e3o Profissional, Cient\u00edfica e Tecnol\u00f3gica. A equival\u00eancia \u00e0 licenciatura visa ao exerc\u00edcio da atividade docente na educa\u00e7\u00e3o profissional t\u00e9cnica de n\u00edvel m\u00e9dio e se destina a profissionais graduados, n\u00e3o licenciados, j\u00e1 em efetivo exerc\u00edcio da profiss\u00e3o docente, ou aprovados em concurso p\u00fablico para o exerc\u00edcio da fun\u00e7\u00e3o.<\/p>\n<p>O curso tem carga hor\u00e1ria de 360 horas, acrescidas de 60 horas para a elabora\u00e7\u00e3o do Trabalho de Conclus\u00e3o de Curso (TCC). Os encontros s\u00e3o presenciais nos campi do IFMS, e a especializa\u00e7\u00e3o tem dura\u00e7\u00e3o de 18 a 24 meses.<\/p>\n<p><strong>Saiba mais sobre as vagas ofertadas e o atendimento aos candidatos<\/strong><\/p>\n<table border=\"1\" cellspacing=\"0\" cellpadding=\"0\">\n<tbody>\n<tr>\n<td>\n<p align=\"center\"><strong>Campus<\/strong><\/p>\n<\/td>\n<td>\n<p align=\"center\"><strong>Vagas<\/strong><\/p>\n<\/td>\n<td>\n<p align=\"center\"><strong>Dias e per\u00edodo das aulas<\/strong><\/p>\n<\/td>\n<td>\n<p align=\"center\"><strong>Endere\u00e7o\u00a0<\/strong><\/p>\n<\/td>\n<td>\n<p align=\"center\"><strong>Atendimento na Cerel<\/strong><\/p>\n<\/td>\n<\/tr>\n<tr>\n<td>Corumb\u00e1<\/td>\n<td>40<\/td>\n<td>Quartas e\u00a0quintas-feiras\u00a0(noturno) e\u00a0s\u00e1bados\u00a0(matutino)<\/td>\n<td>Rua Pedro de Medeiros, s\/n\u00ba<\/td>\n<td>08h \u00e0s 11h<br \/>\n14h \u00e0s 17h<br \/>\n19h \u00e0s 20h<\/td>\n<\/tr>\n<tr>\n<td>Dourados<\/td>\n<td>40<\/td>\n<td>Sextas-feiras\u00a0(noturno) e s\u00e1bados\u00a0(matutino)<\/td>\n<td>Rua Filinto M\u00fcller, 1.790<br \/>\nJardim Cana\u00e3 I<\/td>\n<td>08h \u00e0s 20h<\/td>\n<\/tr>\n<tr>\n<td>Jardim<\/td>\n<td>35<\/td>\n<td>Sexta-feiras\u00a0(noturno) e\u00a0s\u00e1bados\u00a0(matutino)<\/td>\n<td>Rodovia BR-060, s\/n\u00ba,\u00a0Fazenda Jardim de S\u00e3o Francisco<\/td>\n<td>13h \u00e0s 17h<\/td>\n<\/tr>\n<tr>\n<td>Ponta Por\u00e3<\/td>\n<td>40<\/td>\n<td>Sextas-feiras\u00a0(vespertino) e\u00a0s\u00e1bados\u00a0(matutino)<\/td>\n<td>Rodovia BR-463, km 14, s\/n\u00ba<\/td>\n<td>14h \u00e0s 17h45<br \/>\n18h45 \u00e0s 21h<\/td>\n<\/tr>\n<\/tbody>\n<\/table>\n<p>Texto publicado originalmente em:\u00a0<a href=\"http:\/\/www.ifms.edu.br\/noticias\/reabertas-inscricoes-para-especializacao-em-docencia\" target=\"_blank\" rel=\"noopener noreferrer\">http:\/\/www.ifms.edu.br\/noticias\/reabertas-inscricoes-para-especializacao-em-docencia<\/a><\/p>\n<p>&#8212;<\/p>\n","protected":false},"excerpt":{"rendered":"<p>O Instituto Federal de Mato Grosso do Sul (IFMS) reabriu o prazo de inscri\u00e7\u00f5es para&#8230;<\/p>\n","protected":false},"author":1,"featured_media":0,"comment_status":"closed","ping_status":"closed","sticky":false,"template":"","format":"standard","meta":{"footnotes":""},"categories":[10],"tags":[],"class_list":["post-20562","post","type-post","status-publish","format-standard","hentry","category-educacao"],"_links":{"self":[{"href":"https:\/\/www.corumbaonline.com.br\/news\/wp-json\/wp\/v2\/posts\/20562","targetHints":{"allow":["GET"]}}],"collection":[{"href":"https:\/\/www.corumbaonline.com.br\/news\/wp-json\/wp\/v2\/posts"}],"about":[{"href":"https:\/\/www.corumbaonline.com.br\/news\/wp-json\/wp\/v2\/types\/post"}],"author":[{"embeddable":true,"href":"https:\/\/www.corumbaonline.com.br\/news\/wp-json\/wp\/v2\/users\/1"}],"replies":[{"embeddable":true,"href":"https:\/\/www.corumbaonline.com.br\/news\/wp-json\/wp\/v2\/comments?post=20562"}],"version-history":[{"count":1,"href":"https:\/\/www.corumbaonline.com.br\/news\/wp-json\/wp\/v2\/posts\/20562\/revisions"}],"predecessor-version":[{"id":20563,"href":"https:\/\/www.corumbaonline.com.br\/news\/wp-json\/wp\/v2\/posts\/20562\/revisions\/20563"}],"wp:attachment":[{"href":"https:\/\/www.corumbaonline.com.br\/news\/wp-json\/wp\/v2\/media?parent=20562"}],"wp:term":[{"taxonomy":"category","embeddable":true,"href":"https:\/\/www.corumbaonline.com.br\/news\/wp-json\/wp\/v2\/categories?post=20562"},{"taxonomy":"post_tag","embeddable":true,"href":"https:\/\/www.corumbaonline.com.br\/news\/wp-json\/wp\/v2\/tags?post=20562"}],"curies":[{"name":"wp","href":"https:\/\/api.w.org\/{rel}","templated":true}]}}