{"id":20573,"date":"2018-07-30T17:12:11","date_gmt":"2018-07-30T21:12:11","guid":{"rendered":"http:\/\/www.corumbaonline.com.br\/news\/?p=20573"},"modified":"2018-07-30T17:12:11","modified_gmt":"2018-07-30T21:12:11","slug":"definicao-sobre-candidatura-do-mdb-sai-na-quinta-diz-simone-tebet","status":"publish","type":"post","link":"https:\/\/www.corumbaonline.com.br\/news\/definicao-sobre-candidatura-do-mdb-sai-na-quinta-diz-simone-tebet\/","title":{"rendered":"Defini\u00e7\u00e3o sobre candidatura do MDB sai na quinta, diz Simone Tebet"},"content":{"rendered":"<p>Um dia depois do ex-governador Andr\u00e9 Puccinelli (MDB)\u00a0desistir da candidatura ao Governo do Estado e indicar Simone Tebet para assumir a disputa, a senadora afirma que foi surpreendida com a oferta, mas que a confirma\u00e7\u00e3o do nome dela como candidata do MDB sai na pr\u00f3xima quinta-feira (2).<\/p>\n<p>Em entrevista ao Jornal Midiamax nesta segunda-feira (30), Tebet afirmou que a decis\u00e3o do partido em lan\u00e7\u00e1-la como candidata ser\u00e1 confirmada daqui a dois dias durante conven\u00e7\u00e3o nacional da sigla. At\u00e9 l\u00e1, o assunto \u00e9 discutido entre o MDB e tamb\u00e9m os partidos que j\u00e1 confirmaram alian\u00e7a partid\u00e1ria.<\/p>\n<p>Sobre as alian\u00e7as, a senadora prefere n\u00e3o interferir no processo para evitar mudan\u00e7as no que j\u00e1 vem sendo tratado pelo partido. \u201cEstou evitando [interferir] para deixar o partido \u00e0 vontade, est\u00e1 muito adiantado o processo\u201d, disse, citando aguardar resposta do DEM em rela\u00e7\u00e3o a apoio.<\/p>\n<p>Tebet tamb\u00e9m conta que foi surpreendida ao ser convidada por Andr\u00e9 para substitu\u00ed-lo na corrida eleitoral. A senadora que est\u00e1 concluindo o primeiro per\u00edodo de quatro anos do mandato afirma estar pronta para a disputa.<\/p>\n<p>\u201cSem d\u00favida est\u00e1vamos no plano da candidatura do Andr\u00e9 porque estranhamos muito ele n\u00e3o poder responder em liberdade, mas eu soldada do partido e estou pronta. Fa\u00e7o parte de um partido que acredito, principalmente porque o MDB de Mato Grosso do Sul \u00e9 muito diferente do MDB do Brasil hoje. Temos hist\u00f3ria em cada munic\u00edpio desse Estado\u201d, conclui.<\/p>\n<p>Simone ainda criticou a pris\u00e3o do ex-governador Puccinelli e lembrou que a mudan\u00e7a nos planos do partido n\u00e3o muda o emprenho da legenda em conseguir a soltura de Andr\u00e9. \u201cN\u00e3o estamos abandonando, vamos acompanhar o processo dele\u201d.<\/p>\n<p>Com a candidatura confirmada, a senadora n\u00e3o precisa, necessariamente, se afastar do cargo no Senado. \u00c9 poss\u00edvel, conforme legisla\u00e7\u00e3o eleitoral, permanecer como senadora e disputar elei\u00e7\u00e3o no Estado. Tebet afirma que ainda estuda qual ser\u00e1 a estrat\u00e9gia caso se confirme como candidata ao Governo, e diz que se houver afastamento do Senado, o prazo seria de no m\u00e1ximo 45 dias.<\/p>\n<h1>Trajet\u00f3ria<\/h1>\n<p>Simone come\u00e7ou sua carreira na Assembleia Legislativa atuando como consultora t\u00e9cnica jur\u00eddica entre 1995 e 1997. Depois, foi diretora t\u00e9cnica legislativa at\u00e9 2001. Foi eleita deputada estadual pelo ent\u00e3o PMDB em 2002, encorajada pelo apoio de grandes nomes da pol\u00edtica do Estado, entre eles, o seu pai, Ramez Tebet.<\/p>\n<p>Em 2004, decidiu concorrer \u00e0 prefeitura de Tr\u00eas Lagoas e se tornou a primeira mulher a governar a cidade, obtendo 66,72% dos 43.832 votos. Em 2008, foi reeleita com uma das maiores aceita\u00e7\u00f5es do Estado, atingindo 76% dos votos v\u00e1lidos.<\/p>\n<p>Em 2011 assumiu o cargo de vice-governadora de Mato Grosso do Sul ao lado do ent\u00e3o governador do Estado Andr\u00e9 Puccinelli. Como vice-governadora teve um papel atuante, esteve oito vezes interinamente \u00e0 frente do governo, e foi a primeira mulher a ocupar esta posi\u00e7\u00e3o.<\/p>\n<p>Em 2014 Simone foi eleita ao Senado Federal com 640.336 mil votos, o que corresponde a 52,61% do eleitorado de Mato Grosso do Sul.<\/p>\n","protected":false},"excerpt":{"rendered":"<p>Um dia depois do ex-governador Andr\u00e9 Puccinelli (MDB)\u00a0desistir da candidatura ao Governo do Estado e&#8230;<\/p>\n","protected":false},"author":1,"featured_media":0,"comment_status":"closed","ping_status":"closed","sticky":false,"template":"","format":"standard","meta":{"footnotes":""},"categories":[19],"tags":[],"class_list":["post-20573","post","type-post","status-publish","format-standard","hentry","category-politica"],"_links":{"self":[{"href":"https:\/\/www.corumbaonline.com.br\/news\/wp-json\/wp\/v2\/posts\/20573","targetHints":{"allow":["GET"]}}],"collection":[{"href":"https:\/\/www.corumbaonline.com.br\/news\/wp-json\/wp\/v2\/posts"}],"about":[{"href":"https:\/\/www.corumbaonline.com.br\/news\/wp-json\/wp\/v2\/types\/post"}],"author":[{"embeddable":true,"href":"https:\/\/www.corumbaonline.com.br\/news\/wp-json\/wp\/v2\/users\/1"}],"replies":[{"embeddable":true,"href":"https:\/\/www.corumbaonline.com.br\/news\/wp-json\/wp\/v2\/comments?post=20573"}],"version-history":[{"count":1,"href":"https:\/\/www.corumbaonline.com.br\/news\/wp-json\/wp\/v2\/posts\/20573\/revisions"}],"predecessor-version":[{"id":20574,"href":"https:\/\/www.corumbaonline.com.br\/news\/wp-json\/wp\/v2\/posts\/20573\/revisions\/20574"}],"wp:attachment":[{"href":"https:\/\/www.corumbaonline.com.br\/news\/wp-json\/wp\/v2\/media?parent=20573"}],"wp:term":[{"taxonomy":"category","embeddable":true,"href":"https:\/\/www.corumbaonline.com.br\/news\/wp-json\/wp\/v2\/categories?post=20573"},{"taxonomy":"post_tag","embeddable":true,"href":"https:\/\/www.corumbaonline.com.br\/news\/wp-json\/wp\/v2\/tags?post=20573"}],"curies":[{"name":"wp","href":"https:\/\/api.w.org\/{rel}","templated":true}]}}