{"id":20601,"date":"2018-07-31T09:51:39","date_gmt":"2018-07-31T13:51:39","guid":{"rendered":"http:\/\/www.corumbaonline.com.br\/news\/?p=20601"},"modified":"2018-07-31T10:11:10","modified_gmt":"2018-07-31T14:11:10","slug":"previsao-de-ceu-nublado-com-possibilidade-de-chuva-em-mato-grosso-do-sul","status":"publish","type":"post","link":"https:\/\/www.corumbaonline.com.br\/news\/previsao-de-ceu-nublado-com-possibilidade-de-chuva-em-mato-grosso-do-sul\/","title":{"rendered":"Previs\u00e3o de c\u00e9u nublado com possibilidade de chuva em Mato Grosso do Sul"},"content":{"rendered":"<p>C\u00e9u parcialmente nublado com n\u00e9voa seca em Mato Grosso do Sul e possibilidade de pancadas de chuva de fraca intensidade nas regi\u00f5es Central e Leste.<\/p>\n<p>A umidade relativa do ar varia de 80% a 25% e os term\u00f4metros registram temperaturas de 9\u00b0C a 32\u00b0C nesta ter\u00e7a-feira, \u00faltimo dia de julho. As informa\u00e7\u00f5es s\u00e3o do Centro de Monitoramento do Tempo, do Clima e dos Recursos H\u00eddricos (Cemtec). Confira o mapa.<\/p>\n<p><a href=\"http:\/\/www.ms.gov.br\/wp-content\/uploads\/sites\/150\/2018\/07\/Previs%C3%A3o-31_07.jpg\"><img loading=\"lazy\" decoding=\"async\" class=\"alignnone wp-image-233719 size-large\" src=\"http:\/\/www.ms.gov.br\/wp-content\/uploads\/sites\/150\/2018\/07\/Previs%C3%A3o-31_07-1024x779.jpg\" sizes=\"auto, (max-width: 1024px) 100vw, 1024px\" srcset=\"http:\/\/www.ms.gov.br\/wp-content\/uploads\/sites\/150\/2018\/07\/Previs\u00e3o-31_07-1024x779.jpg 1024w, http:\/\/www.ms.gov.br\/wp-content\/uploads\/sites\/150\/2018\/07\/Previs\u00e3o-31_07-300x228.jpg 300w, http:\/\/www.ms.gov.br\/wp-content\/uploads\/sites\/150\/2018\/07\/Previs\u00e3o-31_07-768x585.jpg 768w, http:\/\/www.ms.gov.br\/wp-content\/uploads\/sites\/150\/2018\/07\/Previs\u00e3o-31_07.jpg 1214w\" alt=\"\" width=\"1024\" height=\"779\" \/><\/a><\/p>\n<p><em>Karla Tatiane \u2013 Subsecretaria de\u00a0<\/em><\/p>\n","protected":false},"excerpt":{"rendered":"<p>C\u00e9u parcialmente nublado com n\u00e9voa seca em Mato Grosso do Sul e possibilidade de pancadas&#8230;<\/p>\n","protected":false},"author":1,"featured_media":0,"comment_status":"closed","ping_status":"closed","sticky":false,"template":"","format":"standard","meta":{"footnotes":""},"categories":[17],"tags":[],"class_list":["post-20601","post","type-post","status-publish","format-standard","hentry","category-meio-ambiente"],"_links":{"self":[{"href":"https:\/\/www.corumbaonline.com.br\/news\/wp-json\/wp\/v2\/posts\/20601","targetHints":{"allow":["GET"]}}],"collection":[{"href":"https:\/\/www.corumbaonline.com.br\/news\/wp-json\/wp\/v2\/posts"}],"about":[{"href":"https:\/\/www.corumbaonline.com.br\/news\/wp-json\/wp\/v2\/types\/post"}],"author":[{"embeddable":true,"href":"https:\/\/www.corumbaonline.com.br\/news\/wp-json\/wp\/v2\/users\/1"}],"replies":[{"embeddable":true,"href":"https:\/\/www.corumbaonline.com.br\/news\/wp-json\/wp\/v2\/comments?post=20601"}],"version-history":[{"count":1,"href":"https:\/\/www.corumbaonline.com.br\/news\/wp-json\/wp\/v2\/posts\/20601\/revisions"}],"predecessor-version":[{"id":20602,"href":"https:\/\/www.corumbaonline.com.br\/news\/wp-json\/wp\/v2\/posts\/20601\/revisions\/20602"}],"wp:attachment":[{"href":"https:\/\/www.corumbaonline.com.br\/news\/wp-json\/wp\/v2\/media?parent=20601"}],"wp:term":[{"taxonomy":"category","embeddable":true,"href":"https:\/\/www.corumbaonline.com.br\/news\/wp-json\/wp\/v2\/categories?post=20601"},{"taxonomy":"post_tag","embeddable":true,"href":"https:\/\/www.corumbaonline.com.br\/news\/wp-json\/wp\/v2\/tags?post=20601"}],"curies":[{"name":"wp","href":"https:\/\/api.w.org\/{rel}","templated":true}]}}