{"id":20615,"date":"2018-07-31T10:53:43","date_gmt":"2018-07-31T14:53:43","guid":{"rendered":"http:\/\/www.corumbaonline.com.br\/news\/?p=20615"},"modified":"2018-07-31T10:37:49","modified_gmt":"2018-07-31T14:37:49","slug":"marcelo-bluma-anuncia-que-vai-concorrer-a-governo-em-chapa-com-rede-pv-e-pcdob","status":"publish","type":"post","link":"https:\/\/www.corumbaonline.com.br\/news\/marcelo-bluma-anuncia-que-vai-concorrer-a-governo-em-chapa-com-rede-pv-e-pcdob\/","title":{"rendered":"Marcelo Bluma anuncia que vai concorrer a governo em chapa com REDE, PV e PCdoB"},"content":{"rendered":"<p>H\u00e1 cinco dias do fim das conven\u00e7\u00f5es estaduais para escolha dos candidatos nas elei\u00e7\u00f5es deste ano, o ex-vereador Marcelo Bluma (PV) anunciou sua pr\u00e9-candidatura ao governo do Estado em chapa com a professora Maria Bernardelli (Rede) como vice, em uma coliga\u00e7\u00e3o entre Rede, PV e PCdoB.<\/p>\n<p>Segundo Bluma, desde maio os tr\u00eas partidos discutiam a forma\u00e7\u00e3o de uma chapa alternativa para as elei\u00e7\u00f5es ao governo estadual, por\u00e9m somente nesta segunda-feira (30) os pequenos tornaram a chapa oficial,\u00a0<a href=\"http:\/\/admin.midiamax.com.br\/politica\/2018\/em-convencao-rede-lanca-candidatos-a-deputado-federal-e-estadual\/\"><strong>ap\u00f3s a conven\u00e7\u00e3o estadual do Rede<\/strong><\/a>.<\/p>\n<p>\u201cN\u00f3s est\u00e1vamos conversando o Partido Verde, a Rede e o PCdoB, descontentes com as alternativas que foram colocadas a\u00ed para o nosso governo, e a\u00ed decidimos ent\u00e3o apresentar uma alternativa de uma coliga\u00e7\u00e3o dos tr\u00eas partidos para enfrentar as elei\u00e7\u00f5es estaduais\u201d, disse Bluma.<\/p>\n<p>De acordo com o pr\u00e9-candidato, ficou acordado que PV indicaria um nome para governador, Rede ficaria com a indica\u00e7\u00e3o de um vice, enquanto PCdoB decidiria por um nome ao Senado. A coliga\u00e7\u00e3o ter\u00e1 apenas um nome como candidato a senador federal, do presidente estadual do PCdoB, M\u00e1rio Fonseca.<\/p>\n<p>A coliga\u00e7\u00e3o contar\u00e1 ainda com uma chapa mista de deputados federais e outra de deputados estaduais. Bluma avalia que os tr\u00eas partidos t\u00eam condi\u00e7\u00f5es de elegerem um ou dois deputados estaduais, e ainda um candidato a deputado federal, em uma chapa composta por 16 candidatos.<\/p>\n<p>\u201cN\u00f3s consegu\u00edmos contruir uma coliga\u00e7\u00e3o competitiva, com tr\u00eas partidos que ficar\u00e3o com um tempo de televis\u00e3o razo\u00e1vel\u201d, afirmou o ex-vereador. Bluma n\u00e3o soube dizer quanto tempo de televis\u00e3o a coliga\u00e7\u00e3o ter\u00e1, mas comemorou o resultado das alian\u00e7as: \u201cA coisa t\u00e1 s\u00f3lida, t\u00e1 bem confirmada, n\u00e3o ser\u00e1 brincadeira, ser\u00e1 uma campanha que n\u00f3s iremos discutir uma necessidade de mudan\u00e7a, e de forma respons\u00e1vel\u201d, dises.<\/p>\n<p>Os tr\u00eas partidos far\u00e3o uma conven\u00e7\u00e3o conjunta para an\u00fancio oficial dos candidatos do PV e do PCdoB no pr\u00f3ximo s\u00e1bado (4), a partir das 10h, na sede da ABO (Associa\u00e7\u00e3o Brasileira de Odontologia).<\/p>\n","protected":false},"excerpt":{"rendered":"<p>H\u00e1 cinco dias do fim das conven\u00e7\u00f5es estaduais para escolha dos candidatos nas elei\u00e7\u00f5es deste&#8230;<\/p>\n","protected":false},"author":1,"featured_media":20616,"comment_status":"closed","ping_status":"closed","sticky":false,"template":"","format":"standard","meta":{"footnotes":""},"categories":[101,19],"tags":[],"class_list":["post-20615","post","type-post","status-publish","format-standard","has-post-thumbnail","hentry","category-eleicoes","category-politica"],"_links":{"self":[{"href":"https:\/\/www.corumbaonline.com.br\/news\/wp-json\/wp\/v2\/posts\/20615","targetHints":{"allow":["GET"]}}],"collection":[{"href":"https:\/\/www.corumbaonline.com.br\/news\/wp-json\/wp\/v2\/posts"}],"about":[{"href":"https:\/\/www.corumbaonline.com.br\/news\/wp-json\/wp\/v2\/types\/post"}],"author":[{"embeddable":true,"href":"https:\/\/www.corumbaonline.com.br\/news\/wp-json\/wp\/v2\/users\/1"}],"replies":[{"embeddable":true,"href":"https:\/\/www.corumbaonline.com.br\/news\/wp-json\/wp\/v2\/comments?post=20615"}],"version-history":[{"count":1,"href":"https:\/\/www.corumbaonline.com.br\/news\/wp-json\/wp\/v2\/posts\/20615\/revisions"}],"predecessor-version":[{"id":20617,"href":"https:\/\/www.corumbaonline.com.br\/news\/wp-json\/wp\/v2\/posts\/20615\/revisions\/20617"}],"wp:featuredmedia":[{"embeddable":true,"href":"https:\/\/www.corumbaonline.com.br\/news\/wp-json\/wp\/v2\/media\/20616"}],"wp:attachment":[{"href":"https:\/\/www.corumbaonline.com.br\/news\/wp-json\/wp\/v2\/media?parent=20615"}],"wp:term":[{"taxonomy":"category","embeddable":true,"href":"https:\/\/www.corumbaonline.com.br\/news\/wp-json\/wp\/v2\/categories?post=20615"},{"taxonomy":"post_tag","embeddable":true,"href":"https:\/\/www.corumbaonline.com.br\/news\/wp-json\/wp\/v2\/tags?post=20615"}],"curies":[{"name":"wp","href":"https:\/\/api.w.org\/{rel}","templated":true}]}}