{"id":20618,"date":"2018-07-31T11:12:54","date_gmt":"2018-07-31T15:12:54","guid":{"rendered":"http:\/\/www.corumbaonline.com.br\/news\/?p=20618"},"modified":"2018-07-31T11:27:04","modified_gmt":"2018-07-31T15:27:04","slug":"foragido-da-justica-tenta-fugir-mas-e-capturado-pela-forca-tatica-da-pm","status":"publish","type":"post","link":"https:\/\/www.corumbaonline.com.br\/news\/foragido-da-justica-tenta-fugir-mas-e-capturado-pela-forca-tatica-da-pm\/","title":{"rendered":"Foragido da Justi\u00e7a tenta fugir mas \u00e9 capturado pela For\u00e7a T\u00e1tica da PM"},"content":{"rendered":"<p>Um foragido da Justi\u00e7a foi capturado pela For\u00e7a T\u00e1tica da Pol\u00edcia Militar por volta das 15h40 desta segunda-feira, 30 de julho.<\/p>\n<p>A guarni\u00e7\u00e3o fazia rondas pelas ruas do centro de Corumb\u00e1 quando se deparou com um indiv\u00edduo em atitude suspeita. O homem n\u00e3o cumpriu a ordem de parada emitida pelos militares e tentou fugir mas foi capturado em um im\u00f3vel na rua Lad\u00e1rio.<\/p>\n<p>Ap\u00f3s ser detido, o indiv\u00edduo foi revistado, mas nada de il\u00edcito foi encontrado. Por\u00e9m, ao ter seus dados checados foi constatado em seu desfavor um mandado de pris\u00e3o em aberto.<\/p>\n<p>O homem de 25 anos foi preso e encaminhado posteriormente \u00e0 Delegacia de Pol\u00edcia Civil.<\/p>\n","protected":false},"excerpt":{"rendered":"<p>Um foragido da Justi\u00e7a foi capturado pela For\u00e7a T\u00e1tica da Pol\u00edcia Militar por volta das&#8230;<\/p>\n","protected":false},"author":1,"featured_media":20619,"comment_status":"closed","ping_status":"closed","sticky":false,"template":"","format":"standard","meta":{"footnotes":""},"categories":[18],"tags":[],"class_list":["post-20618","post","type-post","status-publish","format-standard","has-post-thumbnail","hentry","category-seguranca"],"_links":{"self":[{"href":"https:\/\/www.corumbaonline.com.br\/news\/wp-json\/wp\/v2\/posts\/20618","targetHints":{"allow":["GET"]}}],"collection":[{"href":"https:\/\/www.corumbaonline.com.br\/news\/wp-json\/wp\/v2\/posts"}],"about":[{"href":"https:\/\/www.corumbaonline.com.br\/news\/wp-json\/wp\/v2\/types\/post"}],"author":[{"embeddable":true,"href":"https:\/\/www.corumbaonline.com.br\/news\/wp-json\/wp\/v2\/users\/1"}],"replies":[{"embeddable":true,"href":"https:\/\/www.corumbaonline.com.br\/news\/wp-json\/wp\/v2\/comments?post=20618"}],"version-history":[{"count":1,"href":"https:\/\/www.corumbaonline.com.br\/news\/wp-json\/wp\/v2\/posts\/20618\/revisions"}],"predecessor-version":[{"id":20620,"href":"https:\/\/www.corumbaonline.com.br\/news\/wp-json\/wp\/v2\/posts\/20618\/revisions\/20620"}],"wp:featuredmedia":[{"embeddable":true,"href":"https:\/\/www.corumbaonline.com.br\/news\/wp-json\/wp\/v2\/media\/20619"}],"wp:attachment":[{"href":"https:\/\/www.corumbaonline.com.br\/news\/wp-json\/wp\/v2\/media?parent=20618"}],"wp:term":[{"taxonomy":"category","embeddable":true,"href":"https:\/\/www.corumbaonline.com.br\/news\/wp-json\/wp\/v2\/categories?post=20618"},{"taxonomy":"post_tag","embeddable":true,"href":"https:\/\/www.corumbaonline.com.br\/news\/wp-json\/wp\/v2\/tags?post=20618"}],"curies":[{"name":"wp","href":"https:\/\/api.w.org\/{rel}","templated":true}]}}