{"id":20624,"date":"2018-07-31T11:33:13","date_gmt":"2018-07-31T15:33:13","guid":{"rendered":"http:\/\/www.corumbaonline.com.br\/news\/?p=20624"},"modified":"2018-07-31T11:42:14","modified_gmt":"2018-07-31T15:42:14","slug":"fundador-do-pt-jurista-helio-bicudo-morre-aos-96-anos","status":"publish","type":"post","link":"https:\/\/www.corumbaonline.com.br\/news\/fundador-do-pt-jurista-helio-bicudo-morre-aos-96-anos\/","title":{"rendered":"Fundador do PT jurista H\u00e9lio Bicudo morre aos 96 anos"},"content":{"rendered":"<p>O jurista H\u00e9lio Bicudo, fundador do PT e um dos signat\u00e1rios do pedido de impeachment de Dilma Rousseff, morreu\u00a0<span id=\"OBJ_PREFIX_DWT1850_com_zimbra_date\">hoje<\/span>\u00a0(31) aos 96 anos na capital paulista. A fam\u00edlia ainda n\u00e3o divulgou o local para o vel\u00f3rio. Bicudo deixa sete filhos, netos e bisnetos.<\/p>\n<div class=\"dnd-widget-wrapper context-cheio_8colunas type-image\"><\/div>\n<p>Ativista na \u00e1rea dos direitos humanos, ele ganhou notoriedade ao combater o Esquadr\u00e3o da Morte, organiza\u00e7\u00e3o paramilitar dos anos de 1970, sendo depois presidente da Funda\u00e7\u00e3o Interamericana de Defesa dos Direitos Humanos.<\/p>\n<p>Bicudo foi deputado federal por dois mandatos (1991 e 1999) e vice-prefeito de S\u00e3o Paulo na gest\u00e3o de Marta Suplicy, ent\u00e3o filiada ao PT, de 2001 a 2005.\u00a0O jurista anunciou sua desfilia\u00e7\u00e3o do PT em 2005, durante as investiga\u00e7\u00f5es do caso conhecido como mensal\u00e3o.<\/p>\n","protected":false},"excerpt":{"rendered":"<p>O jurista H\u00e9lio Bicudo, fundador do PT e um dos signat\u00e1rios do pedido de impeachment&#8230;<\/p>\n","protected":false},"author":1,"featured_media":20625,"comment_status":"closed","ping_status":"closed","sticky":false,"template":"","format":"standard","meta":{"footnotes":""},"categories":[14],"tags":[],"class_list":["post-20624","post","type-post","status-publish","format-standard","has-post-thumbnail","hentry","category-geral"],"_links":{"self":[{"href":"https:\/\/www.corumbaonline.com.br\/news\/wp-json\/wp\/v2\/posts\/20624","targetHints":{"allow":["GET"]}}],"collection":[{"href":"https:\/\/www.corumbaonline.com.br\/news\/wp-json\/wp\/v2\/posts"}],"about":[{"href":"https:\/\/www.corumbaonline.com.br\/news\/wp-json\/wp\/v2\/types\/post"}],"author":[{"embeddable":true,"href":"https:\/\/www.corumbaonline.com.br\/news\/wp-json\/wp\/v2\/users\/1"}],"replies":[{"embeddable":true,"href":"https:\/\/www.corumbaonline.com.br\/news\/wp-json\/wp\/v2\/comments?post=20624"}],"version-history":[{"count":1,"href":"https:\/\/www.corumbaonline.com.br\/news\/wp-json\/wp\/v2\/posts\/20624\/revisions"}],"predecessor-version":[{"id":20626,"href":"https:\/\/www.corumbaonline.com.br\/news\/wp-json\/wp\/v2\/posts\/20624\/revisions\/20626"}],"wp:featuredmedia":[{"embeddable":true,"href":"https:\/\/www.corumbaonline.com.br\/news\/wp-json\/wp\/v2\/media\/20625"}],"wp:attachment":[{"href":"https:\/\/www.corumbaonline.com.br\/news\/wp-json\/wp\/v2\/media?parent=20624"}],"wp:term":[{"taxonomy":"category","embeddable":true,"href":"https:\/\/www.corumbaonline.com.br\/news\/wp-json\/wp\/v2\/categories?post=20624"},{"taxonomy":"post_tag","embeddable":true,"href":"https:\/\/www.corumbaonline.com.br\/news\/wp-json\/wp\/v2\/tags?post=20624"}],"curies":[{"name":"wp","href":"https:\/\/api.w.org\/{rel}","templated":true}]}}