{"id":20632,"date":"2018-07-31T14:00:11","date_gmt":"2018-07-31T18:00:11","guid":{"rendered":"http:\/\/www.corumbaonline.com.br\/news\/?p=20632"},"modified":"2018-07-31T13:11:02","modified_gmt":"2018-07-31T17:11:02","slug":"mais-de-11-milhoes-de-criancas-devem-se-vacinar-contra-a-poliomielite-e-sarampo","status":"publish","type":"post","link":"https:\/\/www.corumbaonline.com.br\/news\/mais-de-11-milhoes-de-criancas-devem-se-vacinar-contra-a-poliomielite-e-sarampo\/","title":{"rendered":"Mais de 11 milh\u00f5es de crian\u00e7as devem se vacinar contra a poliomielite e sarampo"},"content":{"rendered":"<p>Todas as crian\u00e7as de um ano a menores de cinco devem se vacinar contra a p\u00f3lio e sarampo, independente da situa\u00e7\u00e3o vacinal. A nova Campanha Nacional de Vacina\u00e7\u00e3o Contra a poliomielite e sarampo come\u00e7a na pr\u00f3xima segunda-feira, 6 de agosto, e vai at\u00e9 o dia 31\/08. No total, 11,2 milh\u00f5es de crian\u00e7as devem ser vacinadas. O dia D de mobiliza\u00e7\u00e3o nacional ser\u00e1 s\u00e1bado, 18 de agosto, quando os mais de 36 mil postos estar\u00e3o abertos no pa\u00eds. A meta \u00e9 vacinar, pelo menos, 95% das crian\u00e7as para diminuir a possibilidade de retorno da p\u00f3lio e reemerg\u00eancia do sarampo, doen\u00e7as j\u00e1 eliminadas no Brasil. A madrinha da campanha deste ano \u00e9 a Xuxa, eterna rainha dos baixinhos.<\/p>\n<p>Na coletiva de lan\u00e7amento da campanha, o ministro da Sa\u00fade, Gilberto Occhi, enfatizou que sa\u00fade \u00e9 responsabilidade de todos. \u201cN\u00e3o \u00e9 uma responsabilidade exclusiva do Minist\u00e9rio da Sa\u00fade, nem das secretarias, dos profissionais ou dos m\u00e9dicos. \u00c0s vezes enfrentamos uma situa\u00e7\u00e3o como essa, que nos traz um alerta, porque temos uma falsa impress\u00e3o de que a doen\u00e7a foi eliminada do pa\u00eds. Mas \u00e9 a cobertura vacinal elevada que faz a doen\u00e7a desaparecer. E \u00e9 por isso que devemos continuar vacinando nossos filhos, para manter essas doen\u00e7as longe do Brasil\u201d, ressaltou Gilberto Occhi.<\/p>\n<p>Para atender a esse p\u00fablico, que \u00e9 mais suscet\u00edvel \u00e0s doen\u00e7as e suas complica\u00e7\u00f5es, foram adquiridas 28,3 milh\u00f5es doses das vacinas, um total de R$ 160,7 milh\u00f5es. Todos os estados do pa\u00eds j\u00e1 est\u00e3o abastecidos com 871,3 mil doses da Vacina Inativada Poliomielite (VIP), 14 milh\u00f5es da Vacina Oral Poliomielite (VOP) e 13,4 milh\u00f5es da Tr\u00edplice viral, que protege contra sarampo, rub\u00e9ola e caxumba.<\/p>\n<p>A campanha de vacina\u00e7\u00e3o deste ano \u00e9 indiscriminada, ou seja, pretende vacinar todas as crian\u00e7as dessa faixa et\u00e1ria no pa\u00eds, para manter coberturas homog\u00eaneas de vacina\u00e7\u00e3o. Para a poliomielite, as que n\u00e3o tomaram nenhuma dose durante a vida, receber\u00e3o a VIP. J\u00e1 os menores de cinco anos que j\u00e1 tiverem tomado uma ou mais doses da vacina, receber\u00e3o a VOP, a gotinha. Em rela\u00e7\u00e3o ao sarampo, todas as crian\u00e7as receber\u00e3o uma dose da vacina Tr\u00edplice viral, independente da situa\u00e7\u00e3o vacinal, desde que n\u00e3o tenham sido vacinadas nos \u00faltimos trinta dias.<\/p>\n<p>\u201cNeste tipo de campanha, em um curto espa\u00e7o de tempo, temos a oportunidade de vacinar 95% dessas crian\u00e7as. Assim, criarmos uma barreira sanit\u00e1ria, uma imunidade de grupo. Rapidamente teremos a oportunidade de garantir que, mesmo que os v\u00edrus da p\u00f3lio e sarampo entrem no pa\u00eds, n\u00e3o encontrem uma fonte de infec\u00e7\u00e3o\u201d, explicou a coordenadora do Programa Nacional de Imuniza\u00e7\u00f5es do Minist\u00e9rio da Sa\u00fade, Carla Domingues. Ela tamb\u00e9m ressaltou que \u00e9 uma oportunidade de corrigir falhas vacinas. \u201c As crian\u00e7as, por terem o sistema imunol\u00f3gico mais fr\u00e1gil, podem n\u00e3o responder imunologicamente \u00e0 vacina\u201d, esclareceu a coordenadora.<\/p>\n<p>Nos estados que registraram surtos de sarampo, a vacina\u00e7\u00e3o foi antecipada como medida de bloqueio para interromper a circula\u00e7\u00e3o do v\u00edrus. Em Roraima, a campanha iniciou em mar\u00e7o e envolveu pessoas de 6 meses a 49 anos. J\u00e1 em Manaus (AM), aconteceu em abril e o p\u00fablico vacinado foi de 6 meses a 29 anos de idade. E, em Rond\u00f4nia, a vacina\u00e7\u00e3o est\u00e1 em andamento para crian\u00e7as de 6 meses a menores de cinco anos. Durante a mobiliza\u00e7\u00e3o nacional, esses estados devem convocar novamente as crian\u00e7as, na mesma faixa et\u00e1ria, de um a menores de cinco anos.<\/p>\n<p>O Minist\u00e9rio da Sa\u00fade oferta todas as vacinas recomendadas pela Organiza\u00e7\u00e3o Mundial da Sa\u00fade (OMS) que est\u00e3o disponibilizadas no SUS. Ao todo, s\u00e3o 19 para combater mais de 20 doen\u00e7as, em todas as faixas et\u00e1rias. Por ano, s\u00e3o cerca de 300 milh\u00f5es de doses de imunobiol\u00f3gicos distribu\u00eddos em todo o pa\u00eds.<\/p>\n<h2>CAMPANHA PUBLICIT\u00c1RIA<\/h2>\n<p>Para mobilizar a popula\u00e7\u00e3o, o Minist\u00e9rio da Sa\u00fade conta, neste ano, com o apoio da Xuxa, a eterna rainha dos baixinhos. N\u00e3o \u00e9 a primeira vez que ela \u00e9 madrinha de uma campanha de vacina\u00e7\u00e3o do Minist\u00e9rio da Sa\u00fade. Nos anos 1980, Xuxa tamb\u00e9m estrelou uma campanha de vacina\u00e7\u00e3o que bateu recordes e foi reconhecida at\u00e9 pela Organiza\u00e7\u00e3o Mundial da Sa\u00fade (OMS).<\/p>\n<p>O servidor do Minist\u00e9rio da Sa\u00fade, Ricardo Gadelha, que vive com sequela da poliomielite porque n\u00e3o tomou vacina, mandou um recado aos pais e respons\u00e1veis. \u201cHoje, eu sou pai, tenho dois filhos e sempre vacino os meus porque eu n\u00e3o desejo essa sequela de p\u00f3lio a nenhum dos nossos brasileiros. Filho protegido, sem d\u00favida alguma, \u00e9 filho vacinado. N\u00e3o quero mais ver essa marca da p\u00f3lio em nenhuma das crian\u00e7as do nosso Brasil\u201d, afirmou Gadelha.<\/p>\n<p>As pe\u00e7as para TV, r\u00e1dio, impressos e redes sociais, ser\u00e3o exibidas de 1\u00ba a 31 de agosto. O filme, gravado em 3D, faz uma viagem ao passado, nas d\u00e9cadas de 80\/90, quando nasceu o Z\u00e9 Gotinha e tamb\u00e9m quando o Brasil assumiu o compromisso de eliminar o sarampo e a poliomielite. Xuxa e o Z\u00e9 Gotinha contar\u00e3o com o apoio da Galinha Pintadinha e dan\u00e7arinos do game Just Dance.<\/p>\n<h2>QUEDA NA VACINA\u00c7\u00c3O<\/h2>\n<p>Desde que observou redu\u00e7\u00e3o nas coberturas vacinais do pa\u00eds, o Minist\u00e9rio da Sa\u00fade tem alertado sobre o risco da volta de doen\u00e7as que j\u00e1 n\u00e3o circulavam no Brasil, como \u00e9 o caso do sarampo. Entre as principais causas, pode-se apontar o pr\u00f3prio sucesso do Programa Nacional de Imuniza\u00e7\u00f5es, que conseguiu altas coberturas vacinais durante os seus 44 anos de exist\u00eancia. Outros fatores s\u00e3o: desconhecimento individual de doen\u00e7as j\u00e1 eliminadas; hor\u00e1rios de funcionamento das unidades de sa\u00fade incompat\u00edveis com as novas rotinas da popula\u00e7\u00e3o; circula\u00e7\u00e3o de not\u00edcias falsas na internet e Whats App causando d\u00favidas sobre a seguran\u00e7a e efic\u00e1cia das vacinas; bem como a inadequada alimenta\u00e7\u00e3o dos sistemas de informa\u00e7\u00e3o.<\/p>\n<p>Para os estados que est\u00e3o abaixo da meta de vacina\u00e7\u00e3o, o Minist\u00e9rio da Sa\u00fade tem orientado os gestores locais que organizem suas redes, inclusive com a possibilidade de readequa\u00e7\u00e3o de hor\u00e1rios mais compat\u00edveis. Outra orienta\u00e7\u00e3o \u00e9 refor\u00e7ar as parcerias com creches e escolas, ambientes que potencializam a mobiliza\u00e7\u00e3o sobre a vacina por envolver professores e a fam\u00edlia. A Pasta ainda alerta para a import\u00e2ncia de manter os sistemas de informa\u00e7\u00e3o devidamente atualizados.<\/p>\n<h2>SARAMPO<\/h2>\n<p>O Brasil recebeu, em 2016, da Organiza\u00e7\u00e3o Pan-Americana da Sa\u00fade (OPAS), o certificado de elimina\u00e7\u00e3o da circula\u00e7\u00e3o do v\u00edrus do sarampo, e atualmente empreende esfor\u00e7os para manter o certificado, principalmente por meio do fortalecimento da vigil\u00e2ncia epidemiol\u00f3gica, da rede laboratorial e de estrat\u00e9gias de imuniza\u00e7\u00e3o.<\/p>\n<p>No mundo, h\u00e1 registros de casos de sarampo em alguns pa\u00edses da Europa e das Am\u00e9ricas. Em 2017, foram 173.330 casos registrados. Em 2018 (at\u00e9 maio), 81.635 casos confirmados, a maioria em pa\u00edses do Sudeste Asi\u00e1tico e Europa. Atualmente, o Brasil enfrenta dois surtos de sarampo: em Roraima e no Amazonas. At\u00e9 o dia 25 de julho, foram confirmados 822 casos no Amazonas e em Roraima. Al\u00e9m disso, alguns casos isolados foram identificados nos estados de Rio de Janeiro (14); Rio Grande do Sul (13); Par\u00e1 (2), Rond\u00f4nia (1) e S\u00e3o Paulo (1). \u00a0O reaparecimento da doen\u00e7a est\u00e1 relacionado \u00e0s baixas coberturas e a presen\u00e7a de venezuelanos no pa\u00eds, comprovado pelo gen\u00f3tipo do v\u00edrus (D8) identificado, que \u00e9 o mesmo que circula na Venezuela.<\/p>\n<h2>POLIOMIELITE<\/h2>\n<p>De acordo com dados da Organiza\u00e7\u00e3o Mundial da Sa\u00fade (OMS), tr\u00eas pa\u00edses ainda s\u00e3o considerados end\u00eamicos (Paquist\u00e3o, Nig\u00e9ria e Afeganist\u00e3o).\u00a0O Brasil est\u00e1 livre da poliomielite desde 1990. Em 1994, o pa\u00eds recebeu, da Organiza\u00e7\u00e3o Pan-Americana da Sa\u00fade (OPAS), a Certifica\u00e7\u00e3o de \u00c1rea Livre de Circula\u00e7\u00e3o do Poliov\u00edrus Selvagem.<\/p>\n","protected":false},"excerpt":{"rendered":"<p>Todas as crian\u00e7as de um ano a menores de cinco devem se vacinar contra a&#8230;<\/p>\n","protected":false},"author":1,"featured_media":20633,"comment_status":"closed","ping_status":"closed","sticky":false,"template":"","format":"standard","meta":{"footnotes":""},"categories":[21],"tags":[],"class_list":["post-20632","post","type-post","status-publish","format-standard","has-post-thumbnail","hentry","category-saude"],"_links":{"self":[{"href":"https:\/\/www.corumbaonline.com.br\/news\/wp-json\/wp\/v2\/posts\/20632","targetHints":{"allow":["GET"]}}],"collection":[{"href":"https:\/\/www.corumbaonline.com.br\/news\/wp-json\/wp\/v2\/posts"}],"about":[{"href":"https:\/\/www.corumbaonline.com.br\/news\/wp-json\/wp\/v2\/types\/post"}],"author":[{"embeddable":true,"href":"https:\/\/www.corumbaonline.com.br\/news\/wp-json\/wp\/v2\/users\/1"}],"replies":[{"embeddable":true,"href":"https:\/\/www.corumbaonline.com.br\/news\/wp-json\/wp\/v2\/comments?post=20632"}],"version-history":[{"count":1,"href":"https:\/\/www.corumbaonline.com.br\/news\/wp-json\/wp\/v2\/posts\/20632\/revisions"}],"predecessor-version":[{"id":20634,"href":"https:\/\/www.corumbaonline.com.br\/news\/wp-json\/wp\/v2\/posts\/20632\/revisions\/20634"}],"wp:featuredmedia":[{"embeddable":true,"href":"https:\/\/www.corumbaonline.com.br\/news\/wp-json\/wp\/v2\/media\/20633"}],"wp:attachment":[{"href":"https:\/\/www.corumbaonline.com.br\/news\/wp-json\/wp\/v2\/media?parent=20632"}],"wp:term":[{"taxonomy":"category","embeddable":true,"href":"https:\/\/www.corumbaonline.com.br\/news\/wp-json\/wp\/v2\/categories?post=20632"},{"taxonomy":"post_tag","embeddable":true,"href":"https:\/\/www.corumbaonline.com.br\/news\/wp-json\/wp\/v2\/tags?post=20632"}],"curies":[{"name":"wp","href":"https:\/\/api.w.org\/{rel}","templated":true}]}}