{"id":20641,"date":"2018-08-01T08:05:58","date_gmt":"2018-08-01T12:05:58","guid":{"rendered":"http:\/\/www.corumbaonline.com.br\/news\/?p=20641"},"modified":"2018-08-01T09:01:14","modified_gmt":"2018-08-01T13:01:14","slug":"os-103-ocupantes-do-aviao-que-caiu-no-mexico-estao-vivos-diz-empresa","status":"publish","type":"post","link":"https:\/\/www.corumbaonline.com.br\/news\/os-103-ocupantes-do-aviao-que-caiu-no-mexico-estao-vivos-diz-empresa\/","title":{"rendered":"Os 103 ocupantes do avi\u00e3o que caiu no M\u00e9xico est\u00e3o vivos, diz empresa"},"content":{"rendered":"<p>O diretor da companhia Aerom\u00e9xico, Andr\u00e9s Conesa, disse que por enquanto &#8220;n\u00e3o h\u00e1 relatos&#8221; de mortos no acidente de um dos seus avi\u00f5es ao decolar do aeroporto de Durango, no norte do pa\u00eds. Por\u00e9m, 12 pessoas se feriram gravemente.\u00a0O voo 4231 da Aerom\u00e9xico, que fazia a rota entre Durango e Cidade do M\u00e9xico, caiu ao decolar, deixando feridos a maioria dos seus 103 ocupantes &#8211; 99 passageiros e quatro tripulantes.<\/p>\n<p>&#8220;Ainda bem que mesmo com este lament\u00e1vel evento, n\u00e3o temos informa\u00e7\u00f5es at\u00e9 este momento de mortes&#8221;, afirmou Conesa, que destacou que n\u00e3o houve mortes durante o acidente foi resultado da &#8220;a\u00e7\u00e3o oportuna de tripulantes e passageiros&#8221;.<\/p>\n<p>No avi\u00e3o da Embraer, fabricado em 2008, viajavam 88 adultos e 11 crian\u00e7as, entre elas, incluindo dois beb\u00eas com menos de 1 ano, al\u00e9m dos quatro tripulantes, dois pilotos e duas aeromo\u00e7as. De acordo com a Aerom\u00e9xico, os parentes de todos j\u00e1 foram contactados.<\/p>\n<p><strong>Causas<\/strong><\/p>\n<p>O diretor afirmou que a Aerom\u00e9xico participa das investiga\u00e7\u00f5es ao lado das autoridades para identificar as causas do acidente. Segundo ele, no momento a prioridade da companhia \u00e9 atender os passageiros e tripulantes. De acordo com Conesa, h\u00e1 uma equipe da companhia a\u00e9rea\u00a0em Durango &#8220;concentrada no atendimento aos passageiros&#8221;.<br \/>\nOs feridos est\u00e3o atendidos em sete hospitais de Durango e cl\u00ednicas do Ex\u00e9rcito mexicano.<\/p>\n<p>Conesa confirmou que ainda \u00e9 &#8220;muito cedo&#8221; para apontar uma causa do acidente do avi\u00e3o e pediu que evitem especula\u00e7\u00f5es e espera o in\u00edcio das investiga\u00e7\u00f5es das autoridades mexicanas.<\/p>\n<p>A Secretaria de Comunica\u00e7\u00f5es e Transportes (SCT) revelou que uma Comiss\u00e3o de Investiga\u00e7\u00e3o e Acidente de Acidentes de Avia\u00e7\u00e3o j\u00e1 foi integrada com representantes da Avia\u00e7\u00e3o Civil, das associa\u00e7\u00f5es profissionais do setor e representantes da Embraer.<\/p>\n","protected":false},"excerpt":{"rendered":"<p>O diretor da companhia Aerom\u00e9xico, Andr\u00e9s Conesa, disse que por enquanto &#8220;n\u00e3o h\u00e1 relatos&#8221; de&#8230;<\/p>\n","protected":false},"author":1,"featured_media":0,"comment_status":"closed","ping_status":"closed","sticky":false,"template":"","format":"standard","meta":{"footnotes":""},"categories":[15],"tags":[],"class_list":["post-20641","post","type-post","status-publish","format-standard","hentry","category-internacional"],"_links":{"self":[{"href":"https:\/\/www.corumbaonline.com.br\/news\/wp-json\/wp\/v2\/posts\/20641","targetHints":{"allow":["GET"]}}],"collection":[{"href":"https:\/\/www.corumbaonline.com.br\/news\/wp-json\/wp\/v2\/posts"}],"about":[{"href":"https:\/\/www.corumbaonline.com.br\/news\/wp-json\/wp\/v2\/types\/post"}],"author":[{"embeddable":true,"href":"https:\/\/www.corumbaonline.com.br\/news\/wp-json\/wp\/v2\/users\/1"}],"replies":[{"embeddable":true,"href":"https:\/\/www.corumbaonline.com.br\/news\/wp-json\/wp\/v2\/comments?post=20641"}],"version-history":[{"count":1,"href":"https:\/\/www.corumbaonline.com.br\/news\/wp-json\/wp\/v2\/posts\/20641\/revisions"}],"predecessor-version":[{"id":20642,"href":"https:\/\/www.corumbaonline.com.br\/news\/wp-json\/wp\/v2\/posts\/20641\/revisions\/20642"}],"wp:attachment":[{"href":"https:\/\/www.corumbaonline.com.br\/news\/wp-json\/wp\/v2\/media?parent=20641"}],"wp:term":[{"taxonomy":"category","embeddable":true,"href":"https:\/\/www.corumbaonline.com.br\/news\/wp-json\/wp\/v2\/categories?post=20641"},{"taxonomy":"post_tag","embeddable":true,"href":"https:\/\/www.corumbaonline.com.br\/news\/wp-json\/wp\/v2\/tags?post=20641"}],"curies":[{"name":"wp","href":"https:\/\/api.w.org\/{rel}","templated":true}]}}