{"id":20651,"date":"2018-08-01T08:52:55","date_gmt":"2018-08-01T12:52:55","guid":{"rendered":"http:\/\/www.corumbaonline.com.br\/news\/?p=20651"},"modified":"2018-08-01T09:26:59","modified_gmt":"2018-08-01T13:26:59","slug":"mais-de-90-dos-deputados-tentarao-a-reeleicao-em-outubro","status":"publish","type":"post","link":"https:\/\/www.corumbaonline.com.br\/news\/mais-de-90-dos-deputados-tentarao-a-reeleicao-em-outubro\/","title":{"rendered":"Mais de 90% dos deputados tentar\u00e3o a reelei\u00e7\u00e3o em outubro"},"content":{"rendered":"<p>Levantamento preliminar do Departamento Intersindical de Assessoria Parlamentar (Diap) aponta que um n\u00famero recorde de deputados federais pretende concorrer \u00e0 reelei\u00e7\u00e3o neste ano. Dos 513 deputados, mais de 90% tentar\u00e3o a recondu\u00e7\u00e3o ao cargo. A expectativa \u00e9 que o n\u00famero de candidatos \u00e0 reelei\u00e7\u00e3o seja de 410, no m\u00ednimo, e de 480, no m\u00e1ximo.<\/p>\n<p>A pesquisa indica que 33 deputados j\u00e1 decidiram n\u00e3o se recandidatar\u00a0 \u2013 sendo 21 (4,09%) por desist\u00eancia e 13 (2,53%) porque resolveram disputar outros cargos. Outros 70 parlamentares (13,65%) admitem concorrer ao Senado, a presidente da Rep\u00fablica, a governador e vice-governador ou a deputado estadual, dependendo de composi\u00e7\u00f5es locais.<\/p>\n<p>O levantamento foi divulgado em mar\u00e7o e ser\u00e1 atualizado ap\u00f3s as defini\u00e7\u00f5es de conven\u00e7\u00f5es partid\u00e1rias, que ocorrem\u00a0at\u00e9 o dia\u00a05 de agosto. No entanto, para um dos respons\u00e1veis pelo estudo, o diretor de Documenta\u00e7\u00e3o do Diap, Ant\u00f4nio Augusto de Queiroz, os n\u00fameros devem permanecer inalterados.<\/p>\n<p>A necessidade de foro privilegiado a parlamentares que respondem a a\u00e7\u00f5es na Justi\u00e7a, base consolidada nas regi\u00f5es de atua\u00e7\u00e3o pol\u00edtica e a redu\u00e7\u00e3o no tempo de campanha &#8211; que passou de 90 para 45 dias \u2013 favorecem os candidatos que pretendem concorrer ao mesmo cargo, avalia o diretor do Diap.<\/p>\n<p>As mudan\u00e7as na legisla\u00e7\u00e3o eleitoral com a cria\u00e7\u00e3o do fundo eleitoral e a janela partid\u00e1ria (per\u00edodo no qual se permite a troca de partido entre os parlamentares) tamb\u00e9m deram aos parlamentares que\u00a0hoje\u00a0est\u00e3o no mandato a possibilidade de negociar dentro dos partidos. Dessa forma, deputados federais puderam negociar melhores condi\u00e7\u00f5es de recursos nas campanhas e prioridade no hor\u00e1rio eleitoral.<\/p>\n<p>\u201cEnt\u00e3o, como \u00e9 que quem vai disputar [pela primeira vez] vai\u00a0ter\u00a0mais voto? Com pouco tempo [de campanha], esse candidato n\u00e3o vai\u00a0ter\u00a0o nome conhecido. Por mais que haja um apelo por renova\u00e7\u00e3o, as condi\u00e7\u00f5es est\u00e3o dadas para que isso n\u00e3o aconte\u00e7a\u201d, disse o coordenador do Diap\u00a0\u00e0\u00a0<strong>Ag\u00eancia Brasil<\/strong>.<\/p>\n<p>Recordista no n\u00famero de mandatos como deputado federal pelo Piau\u00ed, Paes Landim (PTB) exerce o cargo desde 1987. Aos 81 anos, o parlamentar disputar\u00e1 uma vaga pela nona vez consecutiva.<\/p>\n<div class=\"dnd-widget-wrapper context-medio_4colunas type-image atom-align-left\">\n<div class=\"dnd-atom-rendered\">\n<figure class=\"mejs-fotoh-wrapper\">\n<p><figure style=\"width: 365px\" class=\"wp-caption alignnone\"><img loading=\"lazy\" decoding=\"async\" class=\"img-responsive full full\" title=\"Valter Campanato\/Ag\u00eancia Brasil\/Ag\u00eancia Brasil\" src=\"http:\/\/imagens.ebc.com.br\/Wxgll9h5uDrosKCf_ZiQjHOW5aI=\/365x0\/smart\/http:\/\/agenciabrasil.ebc.com.br\/sites\/default\/files\/atoms\/image\/1116170-vac_abr_1104181335_1.jpg?itok=HfNYmLiS\" alt=\"Bras\u00edlia - O deputado Paes Landim discursa na solenidade de san\u00e7\u00e3o do Projeto de Lei que cria a Universidade Federal do Delta do Parna\u00edba e a Universidade Federal do Agreste de Pernambuco (Valter Campanato\/Ag\u00eancia Brasil)\" width=\"365\" height=\"243\" \/><figcaption class=\"wp-caption-text\">Recordista no n\u00famero de mandatos como deputado federal pelo Piau\u00ed, Paes Landim (PTB) disputar\u00e1 uma vaga pela nona vez consecutiva &#8211; Arquivo\/Valter Campanato\/Ag\u00eancia Brasil<\/figcaption><\/figure><\/figure>\n<\/div>\n<\/div>\n<p>\u201c\u00c9 uma dificuldade imensa fazer campanha no Nordeste com as limita\u00e7\u00f5es de financiamento. Quem tem muito dinheiro certamente\u00a0ter\u00e1 vantagem nessas elei\u00e7\u00f5es, at\u00e9 porque n\u00e3o h\u00e1 uma fiscaliza\u00e7\u00e3o adequada. A luta \u00e9 dif\u00edcil, mas n\u00e3o posso largar a pol\u00edtica\u201d, disse \u00e0\u00a0<strong>Ag\u00eancia Brasil<\/strong>, ao confirmar que disputar\u00e1 mais uma vez a vaga para C\u00e2mara dos Deputados.<\/p>\n<p>Desde 1971 na C\u00e2mara, Miro Teixeira (Rede-RJ) \u00e9 o deputado mais antigo em exerc\u00edcio. Ao todo, s\u00e3o 11 mandatos ocupando uma vaga na Casa. Nas pr\u00f3ximas elei\u00e7\u00f5es, no entanto, o parlamentar deixar\u00e1 a disputa pela reelei\u00e7\u00e3o e tentar\u00e1 uma vaga no Senado Federal. O deputado chegou a anunciar a disputa pelo governo do Rio\u00a0de Janeiro, mas voltou atr\u00e1s e decidiu apoiar a chapa que deve lan\u00e7ar o senador Rom\u00e1rio (Podemos) ao cargo.<\/p>\n<p>\u201cPara partidos menores ficou mais dif\u00edcil a disputa eleitoral. A reparti\u00e7\u00e3o do financiamento pelo fundo eleitoral tamb\u00e9m est\u00e1 mais complexa. Mas, neste ano a disputa ser\u00e1 pelo Senado\u201d, informou.<\/p>\n<div class=\"dnd-widget-wrapper context-medio_4colunas type-image atom-align-right\">\n<div class=\"dnd-atom-rendered\">\n<figure class=\"mejs-fotoh-wrapper\">\n<p><figure style=\"width: 365px\" class=\"wp-caption alignnone\"><img loading=\"lazy\" decoding=\"async\" class=\"img-responsive full full\" title=\"Wilson Dias\/Ag\u00eancia Brasil\/Ag\u00eancia Brasil\" src=\"http:\/\/imagens.ebc.com.br\/OYyiJWMNthObE0pb2-U-h6yUZms=\/365x0\/smart\/http:\/\/agenciabrasil.ebc.com.br\/sites\/default\/files\/atoms\/image\/1030911-13072016-wdo_7208.jpg?itok=67yeagZv\" alt=\"Bras\u00edlia - Miro Teixeira discursa na sess\u00e3o plen\u00e1ria para elei\u00e7\u00e3o do novo presidente da C\u00e2mara dos Deputados  (Wilson Dias\/Ag\u00eancia Brasil)\" width=\"365\" height=\"253\" \/><figcaption class=\"wp-caption-text\">Depois de 11 mandatos na C\u00e2mara, Miro Teixeira tentar\u00e1 uma vaga no Senado &#8211; Arquivo\/Wilson Dias\/Ag\u00eancia Brasil<\/figcaption><\/figure><\/figure>\n<\/div>\n<\/div>\n<p>Iniciante na C\u00e2mara, o deputado federal\u00a0Andr\u00e9 Fufuca (PP-MA) tamb\u00e9m \u00e9 candidato \u00e0 reelei\u00e7\u00e3o e tentar\u00e1 o segundo mandato na Casa. Mais conhecido como Fufuquinha, o deputado de 28 anos, \u00e9 filho do medebista Fufuca Dantas, atual prefeito de Alto Alegre do Pindar\u00e9, no oeste maranhense.<\/p>\n<p>Em 2017, o deputado comandou a presid\u00eancia da C\u00e2mara dos Deputados por sete dias quando o presidente Michel Temer viajou para a China. Na ocasi\u00e3o, o presidente da C\u00e2mara, Rodrigo Maia (DEM-RJ), exerceu a presid\u00eancia da Rep\u00fablica interinamente.<\/p>\n<h2>Hist\u00f3rico<\/h2>\n<p>Segundo o levantamento, considerando as \u00faltimas sete elei\u00e7\u00f5es gerais, foi registrada a m\u00e9dia de 408 deputados que tentaram a reelei\u00e7\u00e3o. O maior \u00edndice \u00e9 de 1998, quando 443 deputados tentaram a reelei\u00e7\u00e3o. Desses,\u00a0228 foram reeleitos &#8211; o correspondente a 65,01%. Nas elei\u00e7\u00f5es de 2014, 387 deputados disputaram o retorno \u00e0 C\u00e2mara, sendo que 273 voltaram ao posto, representando um \u00edndice de 70,54% de reelei\u00e7\u00e3o.<\/p>\n<p>Para Ant\u00f4nio Augusto de Queiroz, o cen\u00e1rio de renova\u00e7\u00e3o pode ser alterado caso a campanha pela n\u00e3o reelei\u00e7\u00e3o de candidatos tenha ades\u00e3o no pa\u00eds.<\/p>\n<p>\u201cApenas se pegar campanha \u2018N\u00e3o reeleja ningu\u00e9m\u2019, o cen\u00e1rio pode mudar para renova\u00e7\u00e3o. J\u00e1 que o candidato n\u00e3o pode contratar espa\u00e7o na televis\u00e3o e tem limite de gastos na campanha, R$ 2,5 milh\u00f5es (teto para deputados federais) n\u00e3o \u00e9 suficiente para fazer uma campanha e se tornar conhecido em 45 dias. Fora disso, vai\u00a0ter\u00a0um caso ou outro em situa\u00e7\u00f5es que o pol\u00edtico j\u00e1 era conhecido e est\u00e1 voltando, aqueles que ocupavam cargo no Executivo e celebridades\u201d, prev\u00ea.<\/p>\n","protected":false},"excerpt":{"rendered":"<p>Levantamento preliminar do Departamento Intersindical de Assessoria Parlamentar (Diap) aponta que um n\u00famero recorde de&#8230;<\/p>\n","protected":false},"author":1,"featured_media":0,"comment_status":"closed","ping_status":"closed","sticky":false,"template":"","format":"standard","meta":{"footnotes":""},"categories":[101,19],"tags":[],"class_list":["post-20651","post","type-post","status-publish","format-standard","hentry","category-eleicoes","category-politica"],"_links":{"self":[{"href":"https:\/\/www.corumbaonline.com.br\/news\/wp-json\/wp\/v2\/posts\/20651","targetHints":{"allow":["GET"]}}],"collection":[{"href":"https:\/\/www.corumbaonline.com.br\/news\/wp-json\/wp\/v2\/posts"}],"about":[{"href":"https:\/\/www.corumbaonline.com.br\/news\/wp-json\/wp\/v2\/types\/post"}],"author":[{"embeddable":true,"href":"https:\/\/www.corumbaonline.com.br\/news\/wp-json\/wp\/v2\/users\/1"}],"replies":[{"embeddable":true,"href":"https:\/\/www.corumbaonline.com.br\/news\/wp-json\/wp\/v2\/comments?post=20651"}],"version-history":[{"count":1,"href":"https:\/\/www.corumbaonline.com.br\/news\/wp-json\/wp\/v2\/posts\/20651\/revisions"}],"predecessor-version":[{"id":20652,"href":"https:\/\/www.corumbaonline.com.br\/news\/wp-json\/wp\/v2\/posts\/20651\/revisions\/20652"}],"wp:attachment":[{"href":"https:\/\/www.corumbaonline.com.br\/news\/wp-json\/wp\/v2\/media?parent=20651"}],"wp:term":[{"taxonomy":"category","embeddable":true,"href":"https:\/\/www.corumbaonline.com.br\/news\/wp-json\/wp\/v2\/categories?post=20651"},{"taxonomy":"post_tag","embeddable":true,"href":"https:\/\/www.corumbaonline.com.br\/news\/wp-json\/wp\/v2\/tags?post=20651"}],"curies":[{"name":"wp","href":"https:\/\/api.w.org\/{rel}","templated":true}]}}