{"id":20659,"date":"2018-08-01T09:27:37","date_gmt":"2018-08-01T13:27:37","guid":{"rendered":"http:\/\/www.corumbaonline.com.br\/news\/?p=20659"},"modified":"2018-08-01T09:52:57","modified_gmt":"2018-08-01T13:52:57","slug":"agosto-comeca-com-tempo-parcialmente-nublado-em-ms","status":"publish","type":"post","link":"https:\/\/www.corumbaonline.com.br\/news\/agosto-comeca-com-tempo-parcialmente-nublado-em-ms\/","title":{"rendered":"Agosto come\u00e7a com tempo parcialmente nublado em MS"},"content":{"rendered":"<p>O in\u00edcio do m\u00eas de Agosto em Mato Grosso do Sul se apresenta com muitas nuvens no c\u00e9u deixando o tempo parcialmente nublado em\u00a0todas as \u00e1reas.<\/p>\n<p>O avan\u00e7o do ar mais frio propicia diminui\u00e7\u00e3o das\u00a0temperaturas no Estado at\u00e9 o in\u00edcio desta quarta-feira (1\u00b0) com previs\u00e3o de queda nas regi\u00f5es Sudoeste e Sul. H\u00e1 possibilidade de forma\u00e7\u00e3o de nevoeiro na parte Central de MS ao amanhecer, ocasionado pelo resfriamento noturno.<\/p>\n<p>A umidade relativa do ar varia de 80% a 25% e os term\u00f4metros registram temperatura m\u00ednima de 8\u00b0C e m\u00e1xima de 33\u00b0C com intensidade dos ventos de fracos a moderados. As informa\u00e7\u00f5es s\u00e3o do Centro de Monitoramento do Tempo, do Clima e dos Recursos H\u00eddricos (Cemtec). Confira o mapa.<\/p>\n<p><a href=\"http:\/\/www.ms.gov.br\/wp-content\/uploads\/sites\/150\/2018\/07\/Previs%C3%A3o-01_08.jpg\"><img loading=\"lazy\" decoding=\"async\" class=\"alignnone wp-image-233773 size-large\" src=\"http:\/\/www.ms.gov.br\/wp-content\/uploads\/sites\/150\/2018\/07\/Previs%C3%A3o-01_08-1024x795.jpg\" sizes=\"auto, (max-width: 1024px) 100vw, 1024px\" srcset=\"http:\/\/www.ms.gov.br\/wp-content\/uploads\/sites\/150\/2018\/07\/Previs\u00e3o-01_08-1024x795.jpg 1024w, http:\/\/www.ms.gov.br\/wp-content\/uploads\/sites\/150\/2018\/07\/Previs\u00e3o-01_08-300x233.jpg 300w, http:\/\/www.ms.gov.br\/wp-content\/uploads\/sites\/150\/2018\/07\/Previs\u00e3o-01_08-768x596.jpg 768w, http:\/\/www.ms.gov.br\/wp-content\/uploads\/sites\/150\/2018\/07\/Previs\u00e3o-01_08.jpg 1200w\" alt=\"\" width=\"1024\" height=\"795\" \/><\/a><\/p>\n","protected":false},"excerpt":{"rendered":"<p>O in\u00edcio do m\u00eas de Agosto em Mato Grosso do Sul se apresenta com muitas&#8230;<\/p>\n","protected":false},"author":1,"featured_media":0,"comment_status":"closed","ping_status":"closed","sticky":false,"template":"","format":"standard","meta":{"footnotes":""},"categories":[17],"tags":[],"class_list":["post-20659","post","type-post","status-publish","format-standard","hentry","category-meio-ambiente"],"_links":{"self":[{"href":"https:\/\/www.corumbaonline.com.br\/news\/wp-json\/wp\/v2\/posts\/20659","targetHints":{"allow":["GET"]}}],"collection":[{"href":"https:\/\/www.corumbaonline.com.br\/news\/wp-json\/wp\/v2\/posts"}],"about":[{"href":"https:\/\/www.corumbaonline.com.br\/news\/wp-json\/wp\/v2\/types\/post"}],"author":[{"embeddable":true,"href":"https:\/\/www.corumbaonline.com.br\/news\/wp-json\/wp\/v2\/users\/1"}],"replies":[{"embeddable":true,"href":"https:\/\/www.corumbaonline.com.br\/news\/wp-json\/wp\/v2\/comments?post=20659"}],"version-history":[{"count":1,"href":"https:\/\/www.corumbaonline.com.br\/news\/wp-json\/wp\/v2\/posts\/20659\/revisions"}],"predecessor-version":[{"id":20660,"href":"https:\/\/www.corumbaonline.com.br\/news\/wp-json\/wp\/v2\/posts\/20659\/revisions\/20660"}],"wp:attachment":[{"href":"https:\/\/www.corumbaonline.com.br\/news\/wp-json\/wp\/v2\/media?parent=20659"}],"wp:term":[{"taxonomy":"category","embeddable":true,"href":"https:\/\/www.corumbaonline.com.br\/news\/wp-json\/wp\/v2\/categories?post=20659"},{"taxonomy":"post_tag","embeddable":true,"href":"https:\/\/www.corumbaonline.com.br\/news\/wp-json\/wp\/v2\/tags?post=20659"}],"curies":[{"name":"wp","href":"https:\/\/api.w.org\/{rel}","templated":true}]}}