{"id":20663,"date":"2018-08-01T09:41:01","date_gmt":"2018-08-01T13:41:01","guid":{"rendered":"http:\/\/www.corumbaonline.com.br\/news\/?p=20663"},"modified":"2018-08-01T10:00:56","modified_gmt":"2018-08-01T14:00:56","slug":"senadores-com-mandato-ate-2023-entram-na-disputa-para-governador","status":"publish","type":"post","link":"https:\/\/www.corumbaonline.com.br\/news\/senadores-com-mandato-ate-2023-entram-na-disputa-para-governador\/","title":{"rendered":"Senadores com mandato at\u00e9 2023 entram na disputa para governador"},"content":{"rendered":"<p>Pelo menos 14 senadores v\u00e3o disputar\u00a0o governo de seus estados nas elei\u00e7\u00f5es de outubro, segundo levantamento feito pela\u00a0<strong>Ag\u00eancia Brasil<\/strong>. Com mandatos de oito anos, com exce\u00e7\u00e3o de Jo\u00e3o Capiberibe (PSB-AP), que est\u00e1 em seu \u00faltimo ano de mandato, todos\u00a0est\u00e3o com vaga garantida no Senado at\u00e9 2023.<\/p>\n<p>Para o analista pol\u00edtico do Departamento Intersindical de Assessoria Parlamentar (Diap), Ant\u00f4nio Augusto de Queiroz, entre as raz\u00f5es para as candidaturas est\u00e1 a imagem desgastada do Congresso perante a sociedade, mas n\u00e3o \u00e9 s\u00f3 isso. \u201cUma das grandes motiva\u00e7\u00f5es \u00e9 que, para eles, \u00e9 um desconforto grande o deslocamento do estado de origem para Bras\u00edlia toda semana. O segundo fator \u00e9 que governador tem muito mais poder, mais\u00a0<em>status<\/em>\u00a0que senador\u201d, avaliou.<\/p>\n<p>H\u00e1 ainda os casos em que a candidatura \u00e9 posta para refor\u00e7ar o grupo pol\u00edtico ao qual o senador ou senadora pertencem. Segundo o cientista pol\u00edtico e professor da Universidade de Bras\u00edlia,\u00a0L\u00facio Remuzat Renn\u00f3,\u00a0al\u00e9m de mandato, em comum, esses parlamentares t\u00eam nomes consolidados, cabos eleitorais fidelizados e base definida. \u201cS\u00e3o pessoas que t\u00eam enorme visibilidade nos estado e uma influ\u00eancia grande na estrutura partid\u00e1ria, isso os credencia para disputa de cargos majorit\u00e1rios. Essa \u00e9 uma tend\u00eancia natural no mundo todo. Nos Estados Unidos, \u00e9 muito comum senadores se candidatarem aos estados\u201d, lembrou.<\/p>\n<h2>Suplente<\/h2>\n<p>Apesar da expectativa de que o suplente na chapa de senador seja escolhido pela capacidade de refor\u00e7ar o mandato do ponto de vista program\u00e1tico e de angariar votos, na pr\u00e1tica, assim como j\u00e1 ocorre historicamente, isso deve continuar n\u00e3o acontecendo, segundo os especialistas.\u00a0\u201cNo passado, os ex-governadores de estado que se candidatavam ao Senado sempre indicavam um parente para ser seu suplente,\u00a0hoje, cada vez mais, tem prefer\u00eancia para ocupar essa vaga, nomes que tenham dinheiro para financiar a campanha e que tragam votos\u201d, disse Ant\u00f4nio Queiroz.<\/p>\n<p>O analista observa que nessa elei\u00e7\u00e3o a indica\u00e7\u00e3o de parentes de senadores, ou de postulantes ao Senado, tem ganhado\u00a0for\u00e7a para ocupar uma vaga na C\u00e2mara dos Deputados. Um exemplo disso \u00e9 o do senador Jo\u00e3o Capiperibe. Ele tenta emplacar o filho Camilo Capiberibe na C\u00e2mara. O movimento contr\u00e1rio tamb\u00e9m ocorre. Deputados federais que v\u00e3o tentar uma vaga no Senado querem os filhos na C\u00e2mara. \u00c9 o caso de Silvio Costa (Avante-PE) que quer ver Silvio Costa Filho (PRB-PE), ocupando uma cadeira de deputado federal.<\/p>\n<h2>Veja os senadores pr\u00e9-candidatos a governos estaduais:<\/h2>\n<p>1 &#8211; Gladson Cameli (PP-AC) &#8211; mandato at\u00e9 2023<\/p>\n<p>2 &#8211; Omar Aziz (PSD-AM) &#8211;\u00a0\u00a0mandato at\u00e9 2023<\/p>\n<p>3\u00a0&#8211; Davi Alcolumbre (DEM-AP) &#8211;\u00a0mandato at\u00e9 2023<\/p>\n<p>4\u00a0&#8211; Rose de Freitas\u00a0(Pode-ES) &#8211;\u00a0mandato at\u00e9 2023<\/p>\n<p>5\u00a0&#8211; Ronaldo Caiado (DEM-GO) &#8211;\u00a0mandato at\u00e9 2023<\/p>\n<p>6\u00a0&#8211; Roberto Rocha (PSDB-MA) &#8211;\u00a0mandato at\u00e9 2023<\/p>\n<p>7\u00a0&#8211; Antonio Anastasia (PSDB-MG) &#8211;\u00a0mandato at\u00e9 2023<\/p>\n<p>8\u00a0&#8211; Wellington Fagundes (PR-MT) &#8211;\u00a0mandato at\u00e9 2023<\/p>\n<p>9 &#8211; Paulo Rocha (PT-PA) &#8211;\u00a0mandato at\u00e9 2023<\/p>\n<p>10\u00a0&#8211; Jos\u00e9 Maranh\u00e3o (MDB-PB) &#8211; mandato at\u00e9 2023<\/p>\n<p>11\u00a0&#8211; Rom\u00e1rio (Pode-RJ) &#8211; mandato at\u00e9 2023<\/p>\n<p>12\u00a0&#8211; F\u00e1tima Bezerra (PT-RN) &#8211;\u00a0mandato at\u00e9 2023<\/p>\n<p>13\u00a0&#8211; Acir Gurgacz (PDT-RO) &#8211;\u00a0mandato at\u00e9 2023<\/p>\n<p>14 &#8211; Jo\u00e3o Capiberibe (PSB-AP) &#8211;\u00a0mandato at\u00e9 2019<\/p>\n","protected":false},"excerpt":{"rendered":"<p>Pelo menos 14 senadores v\u00e3o disputar\u00a0o governo de seus estados nas elei\u00e7\u00f5es de outubro, segundo&#8230;<\/p>\n","protected":false},"author":1,"featured_media":0,"comment_status":"closed","ping_status":"closed","sticky":false,"template":"","format":"standard","meta":{"footnotes":""},"categories":[101,19],"tags":[],"class_list":["post-20663","post","type-post","status-publish","format-standard","hentry","category-eleicoes","category-politica"],"_links":{"self":[{"href":"https:\/\/www.corumbaonline.com.br\/news\/wp-json\/wp\/v2\/posts\/20663","targetHints":{"allow":["GET"]}}],"collection":[{"href":"https:\/\/www.corumbaonline.com.br\/news\/wp-json\/wp\/v2\/posts"}],"about":[{"href":"https:\/\/www.corumbaonline.com.br\/news\/wp-json\/wp\/v2\/types\/post"}],"author":[{"embeddable":true,"href":"https:\/\/www.corumbaonline.com.br\/news\/wp-json\/wp\/v2\/users\/1"}],"replies":[{"embeddable":true,"href":"https:\/\/www.corumbaonline.com.br\/news\/wp-json\/wp\/v2\/comments?post=20663"}],"version-history":[{"count":1,"href":"https:\/\/www.corumbaonline.com.br\/news\/wp-json\/wp\/v2\/posts\/20663\/revisions"}],"predecessor-version":[{"id":20664,"href":"https:\/\/www.corumbaonline.com.br\/news\/wp-json\/wp\/v2\/posts\/20663\/revisions\/20664"}],"wp:attachment":[{"href":"https:\/\/www.corumbaonline.com.br\/news\/wp-json\/wp\/v2\/media?parent=20663"}],"wp:term":[{"taxonomy":"category","embeddable":true,"href":"https:\/\/www.corumbaonline.com.br\/news\/wp-json\/wp\/v2\/categories?post=20663"},{"taxonomy":"post_tag","embeddable":true,"href":"https:\/\/www.corumbaonline.com.br\/news\/wp-json\/wp\/v2\/tags?post=20663"}],"curies":[{"name":"wp","href":"https:\/\/api.w.org\/{rel}","templated":true}]}}