{"id":20669,"date":"2018-08-01T10:04:57","date_gmt":"2018-08-01T14:04:57","guid":{"rendered":"http:\/\/www.corumbaonline.com.br\/news\/?p=20669"},"modified":"2018-08-01T11:25:06","modified_gmt":"2018-08-01T15:25:06","slug":"movimento-de-jovens-quer-renovar-representacao-no-legislativo","status":"publish","type":"post","link":"https:\/\/www.corumbaonline.com.br\/news\/movimento-de-jovens-quer-renovar-representacao-no-legislativo\/","title":{"rendered":"Movimento de jovens quer renovar representa\u00e7\u00e3o no Legislativo"},"content":{"rendered":"<p>Na contram\u00e3o de uma tend\u00eancia de manuten\u00e7\u00e3o da atual composi\u00e7\u00e3o pol\u00edtica, o movimento Acredito quer injetar ideias e caras novas no Congresso Nacional. Resultado da uni\u00e3o de movimentos surgidos a partir das manifesta\u00e7\u00f5es de rua de 2013, o Acredito re\u00fane cerca de 2.000 jovens em 14 estados e lan\u00e7ou 24 candidatos a senador, deputado federal, estadual e distrital em 12 unidades da Federa\u00e7\u00e3o, por nove diferentes partidos. Entram na campanha eleitoral com a ordem de renovar as pr\u00e1ticas pol\u00edticas.<\/p>\n<p>Segundo o coordenador nacional do Acredito, Samuel Em\u00edlio Melo, que n\u00e3o disputar\u00e1 as elei\u00e7\u00f5es\u00a0de outubro, a renova\u00e7\u00e3o come\u00e7a na escolha dos candidatos, por eles chamados de l\u00edderes c\u00edvicos. &#8220;[Os candidatos]\u00a0Foram escolhidos em um processo seletivo&#8221;, contou. Entre as regras: n\u00e3o\u00a0ter\u00a0sido eleito anteriormente, n\u00e3o pertencer a fam\u00edlia de pol\u00edticos e estar afinado com os valores do movimento, como o respeito \u00e0 diversidade. Entre os escolhidos, um\u00a0ter\u00e7o de mulheres e outro um\u00a0ter\u00e7o de negros.<\/p>\n<p>De um lado, os candidatos se comprometeram com um teto de gastos na campanha diferente do estabelecido pelo Tribunal Superior Eleitoral (TSE). Eles poder\u00e3o aplicar no m\u00e1ximo a metade do limite legal para o cargo disputado. Ou seja, a campanha de um candidato do Acredito para deputado estadual ou distrital n\u00e3o poder\u00e1 custar mais do que R$ 500 mil.<\/p>\n<p>Al\u00e9m disso, um mesmo doador s\u00f3 poder\u00e1 contribuir com at\u00e9 20% do teto da campanha. No caso de candidatura a deputado estadual ou distrital, R$ 100 mil. O movimento se comprometeu tamb\u00e9m a plantar \u00e1rvores para reduzir o impacto da campanha eleitoral no meio ambiente.<\/p>\n<p>Do outro lado, o Acredito est\u00e1 articulando com os partidos pol\u00edticos a libera\u00e7\u00e3o de seus candidatos, caso eleitos, do cumprimento de compromissos partid\u00e1rios que n\u00e3o estejam em sintonia com os princ\u00edpios do movimento. A carta compromisso de independ\u00eancia partid\u00e1ria, segundo Melo, j\u00e1 foi assinada pela\u00a0maioria dos nove partidos que\u00a0ter\u00e3o candidatos do Acredito (Rede,\u00a0PPS, PV, PDT, PSB, PSOL, Pode, PHS e Pros).<\/p>\n<p>Para formular suas propostas e orientar a atua\u00e7\u00e3o de seus integrantes, o movimento est\u00e1 se valendo da consultoria das equipes do ex-presidente Barak Obama (Estados Unidos) e do presidente Emmanuel Macron (Fran\u00e7a), al\u00e9m do apoio de especialistas brasileiros como Caio Calegari, Cl\u00e1udia Costin, Guilherme Lichand, Carolina Ricardo, Samira Bueno, Lu\u00eds Francisco Segantin, Luciano Sobral, Danilo Limoeiro e Cleuza Repulho. &#8220;Mais do que a renova\u00e7\u00e3o de pessoas, queremos renovar ideias e pr\u00e1ticas&#8221;, afirmou Melo.<\/p>\n<p>Candidato a deputado federal pela Rede, Z\u00e9 Frederico (GO), reconhece que o movimento\u00a0ter\u00e1 dificuldades eleitorais, mas destaca que o projeto \u00e9 para uma d\u00e9cada. &#8220;Estamos lutando contra uma muralha. O que \u00e9 uma vit\u00f3ria neste ano? \u00c9 fazermos uma campanha limpa, de baixo custo e transparente&#8221;, afirmou.<\/p>\n<p>O grupo, segundo Z\u00e9 Frederico, quer mostrar que os votos em branco, nulos e as absten\u00e7\u00f5es n\u00e3o representam necessariamente uma apatia do eleitorado\u00a0brasileiro, mas tamb\u00e9m a falta de alternativa. &#8220;Pretendemos ser uma alternativa, com propostas para construirmos um Brasil mais justo, desenvolvido e \u00e9tico&#8221;, argumentou.<\/p>\n<p>Para ele, as manifesta\u00e7\u00f5es de 2013 deixaram claro que o brasileiro n\u00e3o se sente representado pelos parlamentares nem pelos governantes. &#8220;Vamos lutar contra todos os privil\u00e9gios. Ou seja, n\u00e3o reconheceremos nada que os pol\u00edticos recebam que o trabalhador n\u00e3o tenha direito&#8221;, disse, citando os aux\u00edlios-moradia e vestu\u00e1rio, al\u00e9m de regras especiais para aposentadoria.<\/p>\n","protected":false},"excerpt":{"rendered":"<p>Na contram\u00e3o de uma tend\u00eancia de manuten\u00e7\u00e3o da atual composi\u00e7\u00e3o pol\u00edtica, o movimento Acredito quer&#8230;<\/p>\n","protected":false},"author":1,"featured_media":0,"comment_status":"closed","ping_status":"closed","sticky":false,"template":"","format":"standard","meta":{"footnotes":""},"categories":[101,19],"tags":[],"class_list":["post-20669","post","type-post","status-publish","format-standard","hentry","category-eleicoes","category-politica"],"_links":{"self":[{"href":"https:\/\/www.corumbaonline.com.br\/news\/wp-json\/wp\/v2\/posts\/20669","targetHints":{"allow":["GET"]}}],"collection":[{"href":"https:\/\/www.corumbaonline.com.br\/news\/wp-json\/wp\/v2\/posts"}],"about":[{"href":"https:\/\/www.corumbaonline.com.br\/news\/wp-json\/wp\/v2\/types\/post"}],"author":[{"embeddable":true,"href":"https:\/\/www.corumbaonline.com.br\/news\/wp-json\/wp\/v2\/users\/1"}],"replies":[{"embeddable":true,"href":"https:\/\/www.corumbaonline.com.br\/news\/wp-json\/wp\/v2\/comments?post=20669"}],"version-history":[{"count":1,"href":"https:\/\/www.corumbaonline.com.br\/news\/wp-json\/wp\/v2\/posts\/20669\/revisions"}],"predecessor-version":[{"id":20670,"href":"https:\/\/www.corumbaonline.com.br\/news\/wp-json\/wp\/v2\/posts\/20669\/revisions\/20670"}],"wp:attachment":[{"href":"https:\/\/www.corumbaonline.com.br\/news\/wp-json\/wp\/v2\/media?parent=20669"}],"wp:term":[{"taxonomy":"category","embeddable":true,"href":"https:\/\/www.corumbaonline.com.br\/news\/wp-json\/wp\/v2\/categories?post=20669"},{"taxonomy":"post_tag","embeddable":true,"href":"https:\/\/www.corumbaonline.com.br\/news\/wp-json\/wp\/v2\/tags?post=20669"}],"curies":[{"name":"wp","href":"https:\/\/api.w.org\/{rel}","templated":true}]}}