{"id":20687,"date":"2018-08-01T12:00:16","date_gmt":"2018-08-01T16:00:16","guid":{"rendered":"http:\/\/www.corumbaonline.com.br\/news\/?p=20687"},"modified":"2018-08-01T12:30:56","modified_gmt":"2018-08-01T16:30:56","slug":"apos-prorrogacao-iptu-tem-vencimento-a-vista-e-da-1a-parcela-no-dia-08","status":"publish","type":"post","link":"https:\/\/www.corumbaonline.com.br\/news\/apos-prorrogacao-iptu-tem-vencimento-a-vista-e-da-1a-parcela-no-dia-08\/","title":{"rendered":"Ap\u00f3s prorroga\u00e7\u00e3o, IPTU tem vencimento \u00e0 vista e da 1\u00aa parcela no dia 08"},"content":{"rendered":"<p>Com a prorroga\u00e7\u00e3o do prazo para pagamento do Imposto Predial e Territorial Urbano 2018 de Corumb\u00e1 (IPTU\/2018), o contribuinte tem at\u00e9 a pr\u00f3xima quarta-feira, 08 de agosto, para realizar a quita\u00e7\u00e3o \u00e0 vista ou da primeira parcela.<\/p>\n<p>&nbsp;<\/p>\n<p>Decreto n\u00ba 2.012, de 16 de julho, assinado pelo prefeito Marcelo Iunes, prorrogou o vencimento da cota \u00fanica e do pagamento da primeira parcela. As demais datas para pagamento seguem inalteradas. A quita\u00e7\u00e3o parcelada, em at\u00e9 seis vezes, vai at\u00e9 dezembro.<\/p>\n<p>&nbsp;<\/p>\n<p>Segue mantida a revoga\u00e7\u00e3o das cobran\u00e7as referentes \u00e0s taxas de inc\u00eandio e limpeza p\u00fablica, que estavam embutidas no IPTU. A revoga\u00e7\u00e3o foi determinada pelo prefeito Marcelo Iunes. As taxas de coleta de lixo e a de conserva\u00e7\u00e3o de vias p\u00fablicas, lan\u00e7adas todos os anos por previs\u00e3o legal, seguem sendo cobradas.<\/p>\n<p>&nbsp;<\/p>\n<p>As guias para pagamento referentes aos tributos lan\u00e7ados no carn\u00ea do IPTU 2018, emitidas pelo Centro de Atendimento ao Cidad\u00e3o e as guias emitidas pela internet neste endere\u00e7o dever\u00e3o ser pagas, exclusivamente, nas ag\u00eancias do Banco do Brasil, Caixa Econ\u00f4mica Federal, casas lot\u00e9ricas ou no correspondente banc\u00e1rio do Banco do Brasil que fica na sede do Centro de Atendimento ao Cidad\u00e3o (CAC), que fica localizado na rua Frei Mariano, n\u00ba 66 &#8211; Centro, e funciona no hor\u00e1rio das 08h \u00e0s 16 horas.<\/p>\n<p>&nbsp;<\/p>\n<p>De acordo com o decreto n\u00ba 2.012, caso o contribuinte tenha realizado o pagamento da primeira parcela e tenha interesse em usufruir do desconto de 30% estatu\u00eddo no art. 4\u00ba, I do Decreto n\u00ba 1.984, de 08 de junho de 2018, poder\u00e1 solicitar que seja emitido boleto contendo a diferen\u00e7a do valor total do tributo com desconto com o valor pago na primeira parcela.<\/p>\n<p>&nbsp;<\/p>\n<p>Os contribuintes que n\u00e3o concordarem com os valores lan\u00e7ados do Imposto Predial e Territorial Urbano e com os referentes \u00e0 cobran\u00e7a das Taxas de Servi\u00e7os P\u00fablicos Espec\u00edficos e Divis\u00edveis do exerc\u00edcio de 2018 poder\u00e3o impugn\u00e1-los, em conjunto ou separadamente.<\/p>\n<p>&nbsp;<\/p>\n<p><strong>Datas de vencimento do IPTU<\/strong><\/p>\n<p>&nbsp;<\/p>\n<p>Cota \u00fanica ou 1\u00aa parcela \u2013 08 de agosto (quarta-feira)<\/p>\n<p>2\u00aa parcela \u2013 10 de agosto (sexta-feira)<\/p>\n<p>3\u00aa parcela \u2013 10 de setembro (segunda-feira)<\/p>\n<p>4\u00aa parcela \u2013 10 de outubro (quarta-feira)<\/p>\n<p>5\u00aa parcela \u2013 12 de novembro (segunda-feira)<\/p>\n<p>6\u00aa parcela \u2013 10 de dezembro (segunda-feira)<\/p>\n","protected":false},"excerpt":{"rendered":"<p>Com a prorroga\u00e7\u00e3o do prazo para pagamento do Imposto Predial e Territorial Urbano 2018 de&#8230;<\/p>\n","protected":false},"author":1,"featured_media":20688,"comment_status":"closed","ping_status":"closed","sticky":false,"template":"","format":"standard","meta":{"footnotes":""},"categories":[9],"tags":[],"class_list":["post-20687","post","type-post","status-publish","format-standard","has-post-thumbnail","hentry","category-economia"],"_links":{"self":[{"href":"https:\/\/www.corumbaonline.com.br\/news\/wp-json\/wp\/v2\/posts\/20687","targetHints":{"allow":["GET"]}}],"collection":[{"href":"https:\/\/www.corumbaonline.com.br\/news\/wp-json\/wp\/v2\/posts"}],"about":[{"href":"https:\/\/www.corumbaonline.com.br\/news\/wp-json\/wp\/v2\/types\/post"}],"author":[{"embeddable":true,"href":"https:\/\/www.corumbaonline.com.br\/news\/wp-json\/wp\/v2\/users\/1"}],"replies":[{"embeddable":true,"href":"https:\/\/www.corumbaonline.com.br\/news\/wp-json\/wp\/v2\/comments?post=20687"}],"version-history":[{"count":1,"href":"https:\/\/www.corumbaonline.com.br\/news\/wp-json\/wp\/v2\/posts\/20687\/revisions"}],"predecessor-version":[{"id":20689,"href":"https:\/\/www.corumbaonline.com.br\/news\/wp-json\/wp\/v2\/posts\/20687\/revisions\/20689"}],"wp:featuredmedia":[{"embeddable":true,"href":"https:\/\/www.corumbaonline.com.br\/news\/wp-json\/wp\/v2\/media\/20688"}],"wp:attachment":[{"href":"https:\/\/www.corumbaonline.com.br\/news\/wp-json\/wp\/v2\/media?parent=20687"}],"wp:term":[{"taxonomy":"category","embeddable":true,"href":"https:\/\/www.corumbaonline.com.br\/news\/wp-json\/wp\/v2\/categories?post=20687"},{"taxonomy":"post_tag","embeddable":true,"href":"https:\/\/www.corumbaonline.com.br\/news\/wp-json\/wp\/v2\/tags?post=20687"}],"curies":[{"name":"wp","href":"https:\/\/api.w.org\/{rel}","templated":true}]}}