{"id":20690,"date":"2018-08-01T13:00:07","date_gmt":"2018-08-01T17:00:07","guid":{"rendered":"http:\/\/www.corumbaonline.com.br\/news\/?p=20690"},"modified":"2018-08-01T13:11:07","modified_gmt":"2018-08-01T17:11:07","slug":"ifms-divulga-2a-chamada-para-cursos-de-qualificacao-profissional","status":"publish","type":"post","link":"https:\/\/www.corumbaonline.com.br\/news\/ifms-divulga-2a-chamada-para-cursos-de-qualificacao-profissional\/","title":{"rendered":"IFMS divulga 2\u00aa chamada para cursos de qualifica\u00e7\u00e3o profissional"},"content":{"rendered":"<p>O Instituto Federal de Mato Grosso do Sul (IFMS) publicou nessa ter\u00e7a-feira, 31, a segunda chamada para matr\u00edculas em cursos de Forma\u00e7\u00e3o Inicial e Continuada (FIC) nas modalidades presencial e a dist\u00e2ncia. Foram ofertadas 1.140 vagas em 13 munic\u00edpios. A sele\u00e7\u00e3o foi feita por sorteio eletr\u00f4nico.<\/p>\n<p>A lista dos convocados em segunda chamada est\u00e1 dispon\u00edvel na Central de Sele\u00e7\u00e3o, no endere\u00e7o\u00a0<a href=\"http:\/\/www.ifms.edu.br:9000\/lists\/lt.php?tid=KxlUBVIOWlMFVUtXAlBSTlBUBQROAA0KBxtbXwVVUQlVVgFRVFofAgZUX1UEUlROUFYDBE4NCF1SG1kHBQFPU1tXDVMACgZWBgJRH1ICAwYCUlcDTghaXAYbDFZQBk8JVlZUH1AKVgBWAgNWVAIABw\" target=\"_blank\" rel=\"noopener noreferrer\">www.ifms.edu.br\/centraldeselecao<\/a>, onde tamb\u00e9m est\u00e1 disponibilizado o edital de abertura do processo seletivo.<\/p>\n<p><strong>Matr\u00edculas\u00a0<\/strong>&#8211; Devem ser feitas apenas nesta quarta-feira, 1\u00ba, nos endere\u00e7os e hor\u00e1rios previstos no edital.<\/p>\n<p>O candidato deve entregar o requerimento de matr\u00edcula preenchido, al\u00e9m de originais e c\u00f3pias do documento que comprove a escolaridade exigida, certid\u00e3o de nascimento ou casamento, documento de identidade oficial com foto e CPF. Os convocados precisam apresentar tamb\u00e9m uma foto 3&#215;4 recente.<\/p>\n<p>Maiores de 18 anos precisam entregar ainda os comprovantes de quita\u00e7\u00e3o com as obriga\u00e7\u00f5es eleitorais e militares (sexo masculino).<\/p>\n<p><strong>Novas chamadas<\/strong>\u00a0&#8211; Ap\u00f3s as matr\u00edculas da segunda chamada e caso haja vagas remanescentes, o IFMS publicar\u00e1 uma nova convoca\u00e7\u00e3o nesta quinta-feira, 2, na Central de Sele\u00e7\u00e3o.<\/p>\n<p>A partir dessa data, os classificados na lista de espera, em qualquer posi\u00e7\u00e3o, poder\u00e3o fazer a matr\u00edcula presencialmente nos endere\u00e7os e hor\u00e1rios dispostos no edital. Ser\u00e1 respeitada a ordem de chegada.<\/p>\n<p>A previs\u00e3o \u00e9 que as aulas tenham in\u00edcio no dia 6 de agosto.<\/p>\n<p><strong>Qualifica\u00e7\u00e3o Profissional<\/strong>\u00a0&#8211; Foram abertas vagas para Administrador de Redes, Programador de Dispositivos M\u00f3veis, Vendedor, Operador de Computador, Desenhista de Topografia, Pedreiro de Alvenaria, Ingl\u00eas, Espanhol e Libras.<\/p>\n<p>Os cursos proporcionam ao estudante capacita\u00e7\u00e3o, aperfei\u00e7oamento, especializa\u00e7\u00e3o e atualiza\u00e7\u00e3o. O certificado tem validade nacional e habilita o egresso ao exerc\u00edcio profissional.<\/p>\n<p><strong>Endere\u00e7os e hor\u00e1rios para matr\u00edculas<\/strong><\/p>\n<table border=\"1\" width=\"90%\" cellspacing=\"0\" cellpadding=\"0\">\n<tbody>\n<tr>\n<td><strong>Munic\u00edpio<\/strong><\/td>\n<td><strong>Endere\u00e7o<\/strong><\/td>\n<td><strong>Hor\u00e1rios<\/strong><\/td>\n<\/tr>\n<tr>\n<td>Aquidauana<\/td>\n<td>Campus do IFMS<br \/>\nRua Jos\u00e9 Tadao Arima, 222, Vila Ycara\u00ed<\/td>\n<td>7h \u00e0s 12h<br \/>\n13h \u00e0s 21h<\/td>\n<\/tr>\n<tr>\n<td>Campo Grande<\/td>\n<td>Campus do IFMS<br \/>\nRua Taquari, 831, Bairro Santo Ant\u00f4nio<\/td>\n<td>9h \u00e0s 11h<br \/>\n14h \u00e0s 16h<br \/>\n18h \u00e0s 20h<\/td>\n<\/tr>\n<tr>\n<td>Corumb\u00e1<\/td>\n<td>Campus do IFMS<br \/>\nRua Pedro de Medeiros, s\/n\u00ba, Bairro Popular Velha<\/td>\n<td>8h \u00e0s 11h<br \/>\n14h \u00e0s 17h<br \/>\n19h \u00e0s 21h<\/td>\n<\/tr>\n<tr>\n<td>Coxim<\/td>\n<td>Campus do IFMS<br \/>\nRua Salime Tanure, s\/n\u00ba, Bairro Santa Tereza<\/td>\n<td>7h30 \u00e0s 11h<br \/>\n13h30 \u00e0s 17h<\/td>\n<\/tr>\n<tr>\n<td>Dois Irm\u00e3os do Buriti<\/td>\n<td>Polo Secretaria Municipal de Educa\u00e7\u00e3o<br \/>\nRua Galdino Pereira Lima, s\/n\u00ba<\/td>\n<td>7h30 \u00e0s 12h<\/td>\n<\/tr>\n<tr>\n<td>Dourados<\/td>\n<td>Campus do IFMS<br \/>\nRua Filinto M\u00fcller, 1.790, Jardim Cana\u00e3 I<\/td>\n<td>8h \u00e0s 11h<br \/>\n14h \u00e0s 20h<\/td>\n<\/tr>\n<tr>\n<td rowspan=\"2\">Jardim<\/td>\n<td>Campus do IFMS<br \/>\nRodovia BR 060, s\/n (Sa\u00edda para Bela Vista)<\/td>\n<td>9h \u00e0s 12h<br \/>\n14h \u00e0s 19h<\/td>\n<\/tr>\n<tr>\n<td>Polo Escola Marc<br \/>\nAvenida Mato Grosso, 942, Vila Ang\u00e9lica<\/td>\n<td>8h \u00e0s 13h<\/td>\n<\/tr>\n<tr>\n<td>Navira\u00ed<\/td>\n<td>Campus do IFMS<br \/>\nCentro de Educa\u00e7\u00e3o Profissional<br \/>\nRua Hilda, 203, Bairro Boa Vista<\/td>\n<td>8h \u00e0s 11h<br \/>\n13h \u00e0s 18h<\/td>\n<\/tr>\n<tr>\n<td rowspan=\"2\">Nova Andradina<\/td>\n<td>Campus do IFMS<br \/>\nRodovia MS-473, KM 23, Fazenda Santa B\u00e1rbara, s\/n\u00ba<\/td>\n<td>8h \u00e0s 10h30<br \/>\n14h \u00e0s 16h30<\/td>\n<\/tr>\n<tr>\n<td>Polo UFMS<br \/>\nAvenida Reitor Per\u00f3, 64<\/td>\n<td>8h \u00e0s 12h<br \/>\n14h \u00e0s 18h<\/td>\n<\/tr>\n<tr>\n<td>Pedro Gomes<\/td>\n<td>Polo Escola Municipal Santo Antonio<br \/>\nRua Jer\u00f4nimo, 81, Vila Marcelino<\/td>\n<td>7h \u00e0s 11h<br \/>\n13h \u00e0s 17h<\/td>\n<\/tr>\n<tr>\n<td>Ponta Por\u00e3<\/td>\n<td>Campus do IFMS<br \/>\nRodovia BR 463, Km 14, s\/n\u00ba<\/td>\n<td>9h \u00e0s 11h<br \/>\n14h \u00e0s 16h<br \/>\n19h \u00e0s 21h<\/td>\n<\/tr>\n<tr>\n<td>Selv\u00edria<\/td>\n<td>Polo Secretaria de Ind\u00fastria e Com\u00e9rcio<br \/>\nAvenida Jo\u00e3o Selvirio de Souza, 420, Centro<\/td>\n<td>07h \u00e0s 13h<\/td>\n<\/tr>\n<tr>\n<td>Tr\u00eas Lagoas<\/td>\n<td>Campus do IFMS<br \/>\nRua \u00c2ngelo Mel\u00e3o, 790, Jardim das Paineiras<\/td>\n<td>9h \u00e0s 11h<br \/>\n14h \u00e0s 16h<br \/>\n18h \u00e0s 20h<\/td>\n<\/tr>\n<\/tbody>\n<\/table>\n","protected":false},"excerpt":{"rendered":"<p>O Instituto Federal de Mato Grosso do Sul (IFMS) publicou nessa ter\u00e7a-feira, 31, a segunda&#8230;<\/p>\n","protected":false},"author":1,"featured_media":0,"comment_status":"closed","ping_status":"closed","sticky":false,"template":"","format":"standard","meta":{"footnotes":""},"categories":[10],"tags":[],"class_list":["post-20690","post","type-post","status-publish","format-standard","hentry","category-educacao"],"_links":{"self":[{"href":"https:\/\/www.corumbaonline.com.br\/news\/wp-json\/wp\/v2\/posts\/20690","targetHints":{"allow":["GET"]}}],"collection":[{"href":"https:\/\/www.corumbaonline.com.br\/news\/wp-json\/wp\/v2\/posts"}],"about":[{"href":"https:\/\/www.corumbaonline.com.br\/news\/wp-json\/wp\/v2\/types\/post"}],"author":[{"embeddable":true,"href":"https:\/\/www.corumbaonline.com.br\/news\/wp-json\/wp\/v2\/users\/1"}],"replies":[{"embeddable":true,"href":"https:\/\/www.corumbaonline.com.br\/news\/wp-json\/wp\/v2\/comments?post=20690"}],"version-history":[{"count":1,"href":"https:\/\/www.corumbaonline.com.br\/news\/wp-json\/wp\/v2\/posts\/20690\/revisions"}],"predecessor-version":[{"id":20691,"href":"https:\/\/www.corumbaonline.com.br\/news\/wp-json\/wp\/v2\/posts\/20690\/revisions\/20691"}],"wp:attachment":[{"href":"https:\/\/www.corumbaonline.com.br\/news\/wp-json\/wp\/v2\/media?parent=20690"}],"wp:term":[{"taxonomy":"category","embeddable":true,"href":"https:\/\/www.corumbaonline.com.br\/news\/wp-json\/wp\/v2\/categories?post=20690"},{"taxonomy":"post_tag","embeddable":true,"href":"https:\/\/www.corumbaonline.com.br\/news\/wp-json\/wp\/v2\/tags?post=20690"}],"curies":[{"name":"wp","href":"https:\/\/api.w.org\/{rel}","templated":true}]}}