{"id":20692,"date":"2018-08-01T15:19:06","date_gmt":"2018-08-01T19:19:06","guid":{"rendered":"http:\/\/www.corumbaonline.com.br\/news\/?p=20692"},"modified":"2018-08-01T15:19:06","modified_gmt":"2018-08-01T19:19:06","slug":"dodge-e-contra-liberdade-de-andre-e-presidente-do-stf-definira-quem-vai-julgar-hc","status":"publish","type":"post","link":"https:\/\/www.corumbaonline.com.br\/news\/dodge-e-contra-liberdade-de-andre-e-presidente-do-stf-definira-quem-vai-julgar-hc\/","title":{"rendered":"Dodge \u00e9 contra liberdade de Andr\u00e9 e presidente do STF definir\u00e1 quem vai julgar HC"},"content":{"rendered":"<p>A procuradora-geral da Rep\u00fablica, Raquel Dodge, se manifestou contra a concess\u00e3o de liberdade ao ex-governador Andr\u00e9 Puccinelli (MDB), ao filho dele Andr\u00e9 Puccinelli Junior e ao advogado Jo\u00e3o Paulo Calves. A manifesta\u00e7\u00e3o assinada ontem (31) foi anexada ao pedido de habeas corpus que tramita no STF (Supremo Tribunal Federal) nesta quarta-feira.<br \/>\nConforme a procuradora do MPF (Minist\u00e9rio P\u00fablico Federal), o pedido da defesa dos alvos da Lama Asf\u00e1ltica detidos em Campo Grande desde o dia 20 de julho deve ser indeferido porque as decis\u00f5es j\u00e1 tomadas sobre a pris\u00e3o est\u00e3o \u201cfundamentadas em raz\u00f5es concretas\u201d.<br \/>\nPara Dodge, a decis\u00e3o do juiz federal Bruno C\u00e9zar da Cunha, da 3\u00aa Vara Federal de Campo Grande, destacou que os atos criminosos teriam tido continuidade mesmo depois das primeiras fases da Opera\u00e7\u00e3o Lama Asf\u00e1ltica.<\/p>\n<p>\u201cAl\u00e9m disto, a decis\u00e3o destacou preju\u00edzos concretos de oculta\u00e7\u00e3o de provas, o que se mostra fundamento aut\u00f4nomo, no sentido de que as pris\u00f5es s\u00e3o demandadas para assegurar uma adequada instru\u00e7\u00e3o criminal\u201d.<\/p>\n<p>Impasse no julgamento<\/p>\n<p>Ainda n\u00e3o est\u00e1 definido qual ministro julgar\u00e1 a liberdade do ex-governador, do filho dele e do advogado. Isso porque o HC foi distribu\u00eddo ontem para o ministro Dias Toffoli, no entanto, comunica\u00e7\u00e3o desta quarta da Se\u00e7\u00e3o de Recebimento e Distribui\u00e7\u00e3o de Origin\u00e1rios revelou que o encaminhamento foi errado.<\/p>\n<p>Conforme of\u00edcio anexado ao processo, o pedido deveria, na verdade, ser encaminhado ao ministro Alexandre de Moraes. O ministro foi respons\u00e1vel por julgar pedido de liberdade do empreiteiro Jo\u00e3o Krampe Amorim, que tamb\u00e9m \u00e9 alvo da Lama Asf\u00e1ltica.<br \/>\nNesta tarde, a defesa de Puccinelli alertou que outro ministro deve julgar o pedido: Marco Aur\u00e9lio de Mello. Os advogados do ex-governador justificam que Marco Aur\u00e9lio \u00e9 o relator origin\u00e1rio do pedido de liberdade de Amorim, apesar do caso ter sido repassado para Alexandre de Moraes.<\/p>\n<p>A designa\u00e7\u00e3o de quem julgar\u00e1 o pedido de liberdade de Puccinelli ser\u00e1 feita pela presidente do Supremo, ministra C\u00e1rmen L\u00facia.<\/p>\n","protected":false},"excerpt":{"rendered":"<p>A procuradora-geral da Rep\u00fablica, Raquel Dodge, se manifestou contra a concess\u00e3o de liberdade ao ex-governador&#8230;<\/p>\n","protected":false},"author":1,"featured_media":0,"comment_status":"closed","ping_status":"closed","sticky":false,"template":"","format":"standard","meta":{"footnotes":""},"categories":[19],"tags":[],"class_list":["post-20692","post","type-post","status-publish","format-standard","hentry","category-politica"],"_links":{"self":[{"href":"https:\/\/www.corumbaonline.com.br\/news\/wp-json\/wp\/v2\/posts\/20692","targetHints":{"allow":["GET"]}}],"collection":[{"href":"https:\/\/www.corumbaonline.com.br\/news\/wp-json\/wp\/v2\/posts"}],"about":[{"href":"https:\/\/www.corumbaonline.com.br\/news\/wp-json\/wp\/v2\/types\/post"}],"author":[{"embeddable":true,"href":"https:\/\/www.corumbaonline.com.br\/news\/wp-json\/wp\/v2\/users\/1"}],"replies":[{"embeddable":true,"href":"https:\/\/www.corumbaonline.com.br\/news\/wp-json\/wp\/v2\/comments?post=20692"}],"version-history":[{"count":1,"href":"https:\/\/www.corumbaonline.com.br\/news\/wp-json\/wp\/v2\/posts\/20692\/revisions"}],"predecessor-version":[{"id":20693,"href":"https:\/\/www.corumbaonline.com.br\/news\/wp-json\/wp\/v2\/posts\/20692\/revisions\/20693"}],"wp:attachment":[{"href":"https:\/\/www.corumbaonline.com.br\/news\/wp-json\/wp\/v2\/media?parent=20692"}],"wp:term":[{"taxonomy":"category","embeddable":true,"href":"https:\/\/www.corumbaonline.com.br\/news\/wp-json\/wp\/v2\/categories?post=20692"},{"taxonomy":"post_tag","embeddable":true,"href":"https:\/\/www.corumbaonline.com.br\/news\/wp-json\/wp\/v2\/tags?post=20692"}],"curies":[{"name":"wp","href":"https:\/\/api.w.org\/{rel}","templated":true}]}}