{"id":20694,"date":"2018-08-01T14:10:35","date_gmt":"2018-08-01T18:10:35","guid":{"rendered":"http:\/\/www.corumbaonline.com.br\/news\/?p=20694"},"modified":"2018-08-01T17:34:33","modified_gmt":"2018-08-01T21:34:33","slug":"ministro-edson-fachin-e-eleito-ministro-efetivo-do-tse","status":"publish","type":"post","link":"https:\/\/www.corumbaonline.com.br\/news\/ministro-edson-fachin-e-eleito-ministro-efetivo-do-tse\/","title":{"rendered":"Ministro Edson Fachin \u00e9 eleito ministro efetivo do TSE"},"content":{"rendered":"<p>O ministro do Supremo Tribunal Federal (STF) e relator dos processos da Opera\u00e7\u00e3o Lava Jato, Edson Fachin, foi eleito hoje (1\u00ba) para o cargo de membro efetivo do Tribunal Superior Eleitoral (TSE), respons\u00e1vel pela organiza\u00e7\u00e3o das elei\u00e7\u00f5es no pa\u00eds.<\/p>\n<p>A elei\u00e7\u00e3o foi realizada de forma simb\u00f3lica pelo plen\u00e1rio do Supremo, respons\u00e1vel pela indica\u00e7\u00e3o, porque Fachin j\u00e1 atua como ministro substituto da Corte eleitoral.<\/p>\n<p>A partir do dia 15 agosto, o TSE tamb\u00e9m ter\u00e1 entre seus membros a ministra Rosa Weber, como nova presidente, o ministro Lu\u00eds Roberto Barroso, al\u00e9m de Fachin. A ministra entrar\u00e1 no lugar do atual presidente, Luiz Fux, que completar\u00e1 dois anos no cargo.<\/p>\n<p>O TSE \u00e9 formado por sete ministros: tr\u00eas oriundos do STF, dois do Superior Tribunal de Justi\u00e7a (STJ), al\u00e9m de dois membros da advocacia.<\/p>\n","protected":false},"excerpt":{"rendered":"<p>O ministro do Supremo Tribunal Federal (STF) e relator dos processos da Opera\u00e7\u00e3o Lava Jato,&#8230;<\/p>\n","protected":false},"author":1,"featured_media":0,"comment_status":"closed","ping_status":"closed","sticky":false,"template":"","format":"standard","meta":{"footnotes":""},"categories":[101],"tags":[],"class_list":["post-20694","post","type-post","status-publish","format-standard","hentry","category-eleicoes"],"_links":{"self":[{"href":"https:\/\/www.corumbaonline.com.br\/news\/wp-json\/wp\/v2\/posts\/20694","targetHints":{"allow":["GET"]}}],"collection":[{"href":"https:\/\/www.corumbaonline.com.br\/news\/wp-json\/wp\/v2\/posts"}],"about":[{"href":"https:\/\/www.corumbaonline.com.br\/news\/wp-json\/wp\/v2\/types\/post"}],"author":[{"embeddable":true,"href":"https:\/\/www.corumbaonline.com.br\/news\/wp-json\/wp\/v2\/users\/1"}],"replies":[{"embeddable":true,"href":"https:\/\/www.corumbaonline.com.br\/news\/wp-json\/wp\/v2\/comments?post=20694"}],"version-history":[{"count":1,"href":"https:\/\/www.corumbaonline.com.br\/news\/wp-json\/wp\/v2\/posts\/20694\/revisions"}],"predecessor-version":[{"id":20695,"href":"https:\/\/www.corumbaonline.com.br\/news\/wp-json\/wp\/v2\/posts\/20694\/revisions\/20695"}],"wp:attachment":[{"href":"https:\/\/www.corumbaonline.com.br\/news\/wp-json\/wp\/v2\/media?parent=20694"}],"wp:term":[{"taxonomy":"category","embeddable":true,"href":"https:\/\/www.corumbaonline.com.br\/news\/wp-json\/wp\/v2\/categories?post=20694"},{"taxonomy":"post_tag","embeddable":true,"href":"https:\/\/www.corumbaonline.com.br\/news\/wp-json\/wp\/v2\/tags?post=20694"}],"curies":[{"name":"wp","href":"https:\/\/api.w.org\/{rel}","templated":true}]}}