{"id":20696,"date":"2018-08-01T16:50:32","date_gmt":"2018-08-01T20:50:32","guid":{"rendered":"http:\/\/www.corumbaonline.com.br\/news\/?p=20696"},"modified":"2018-08-01T17:37:13","modified_gmt":"2018-08-01T21:37:13","slug":"pcdob-confirma-candidatura-de-manuela-davila-a-presidencia","status":"publish","type":"post","link":"https:\/\/www.corumbaonline.com.br\/news\/pcdob-confirma-candidatura-de-manuela-davila-a-presidencia\/","title":{"rendered":"PCdoB confirma candidatura de Manuela d\u2019\u00c1vila \u00e0 Presid\u00eancia"},"content":{"rendered":"<p>A deputada estadual Manuela d&#8217;\u00c1vila foi confirmada pelo PCdoB nesta tarde como candidata do partido \u00e0 Presid\u00eancia da Rep\u00fablica. Dizendo-se esperan\u00e7osa quanto \u00e0 possibilidade de uni\u00e3o entre os demais quadros da esquerda em torno de apenas um nome, a candidata se colocou como a melhor op\u00e7\u00e3o para construir um \u201cnovo projeto\u201d de desenvolvimento para superar desigualdades regionais, de g\u00eanero e de ra\u00e7a.<\/p>\n<p>Ao discursar, depois de ter a candidatura lan\u00e7ada com apoio un\u00e2nime dos delegados do partido, Manuela d&#8217;\u00c1vila apresentou bandeiras como a da reforma da seguran\u00e7a p\u00fablica, a justi\u00e7a tribut\u00e1ria, o combate \u00e0s grandes corpora\u00e7\u00f5es e a revoga\u00e7\u00e3o da reforma trabalhista e da emenda constitucional que estabeleceu um teto para os gastos p\u00fablicos por 20 anos. Ela criticou o \u201cdesemprego recorde\u201d, a queda da massa salarial e a evas\u00e3o de jovens de universidades e escolas t\u00e9cnicas.<\/p>\n<p>Apos o evento, a candidata voltou a dizer que abrir\u00e1 m\u00e3o de disputar a Presid\u00eancia caso haja unidade dos tr\u00eas outros partidos da esquerda que pretendem concorrer ao pleito.<\/p>\n<p>\u201cSerei candidata, a partir da homologa\u00e7\u00e3o, para defender o nosso pa\u00eds da cobi\u00e7a das grandes corpora\u00e7\u00f5es e das grandes pot\u00eancias internacionais. Sou candidata porque o Brasil \u00e9 um sonho que pode ser realizado, porque acreditamos que \u00e9 poss\u00edvel defender o desenvolvimento sustent\u00e1vel, aquele que coloca a Regi\u00e3o Amaz\u00f4nica no centro das alternativas\u201d, disse.<\/p>\n<h2>Reforma da Previd\u00eancia<\/h2>\n<p>Sobre a Previd\u00eancia, a candidata defendeu que se fa\u00e7a antes uma auditoria para saber o \u201ctamanho do d\u00e9ficit\u201d, e depois propor uma reforma que combata os privil\u00e9gios. Manuela d&#8217;\u00c1vila tamb\u00e9m disse apoiar a taxa\u00e7\u00e3o dos lucros, dividendos e das grandes fortunas. &#8220;\u00c9 necess\u00e1rio radicalizar a democracia. Ou seja, ocupar poder. \u00c9 poss\u00edvel construir uma pol\u00edtica com muito mais participa\u00e7\u00e3o da sociedade&#8221;, prometeu ainda.<\/p>\n<p>Em diversos momentos do discurso, a candidata criticou tamb\u00e9m a pris\u00e3o do ex-presidente Luiz In\u00e1cio Lula da Silva, que, segundo ela, tem sido perseguido porque lidera as pesquisas de inten\u00e7\u00e3o de voto. \u201cN\u00f3s acreditamos na necessidade de, durante os pr\u00f3ximos 60 dias, n\u00e3o baixarmos a bandeira da defesa da liberdade de Lula\u201d, disse.<\/p>\n<p>Participaram da conven\u00e7\u00e3o o governador do Maranh\u00e3o, Fl\u00e1vio Dino; a senadora Vanessa Graziotin (AM); a deputada Jandira Feghali (RJ); e a presidenta nacional da sigla, Luciana Santos. Tamb\u00e9m estiveram presentes a presidente da Uni\u00e3o Nacional dos Estudantes (UNE), Marianna Dias, e a coordenadora da campanha de Manuela, a ex-vice-prefeita de S\u00e3o Paulo N\u00e1dia Campe\u00e3o.<\/p>\n<h2>Perfil<\/h2>\n<p>Nascida em Porto Alegre (RS) em agosto de 1981, Manuela Pinto Vieira D&#8217;\u00c1vila \u00e9 jornalista. Ingressou em 1999 na Uni\u00e3o da Juventude Socialista, ligada ao PCdoB, e mais tarde chegou \u00e0 vice-presid\u00eancia da UNE. Foi vereadora na capital ga\u00facha e deputada federal por dois mandatos.<\/p>\n<p>Sua atua\u00e7\u00e3o sempre foi focada em pautas sociais especialmente educa\u00e7\u00e3o, juventude e direitos humanos. Manuela tamb\u00e9m j\u00e1 se candidatou, sem sucesso, duas vezes, \u00e0 prefeitura de Porto Alegre, em 2008 e 2012. Desde 2015, ocupa uma vaga na Assembleia Legislativa do estado.<\/p>\n","protected":false},"excerpt":{"rendered":"<p>A deputada estadual Manuela d&#8217;\u00c1vila foi confirmada pelo PCdoB nesta tarde como candidata do partido&#8230;<\/p>\n","protected":false},"author":1,"featured_media":0,"comment_status":"closed","ping_status":"closed","sticky":false,"template":"","format":"standard","meta":{"footnotes":""},"categories":[101,19],"tags":[],"class_list":["post-20696","post","type-post","status-publish","format-standard","hentry","category-eleicoes","category-politica"],"_links":{"self":[{"href":"https:\/\/www.corumbaonline.com.br\/news\/wp-json\/wp\/v2\/posts\/20696","targetHints":{"allow":["GET"]}}],"collection":[{"href":"https:\/\/www.corumbaonline.com.br\/news\/wp-json\/wp\/v2\/posts"}],"about":[{"href":"https:\/\/www.corumbaonline.com.br\/news\/wp-json\/wp\/v2\/types\/post"}],"author":[{"embeddable":true,"href":"https:\/\/www.corumbaonline.com.br\/news\/wp-json\/wp\/v2\/users\/1"}],"replies":[{"embeddable":true,"href":"https:\/\/www.corumbaonline.com.br\/news\/wp-json\/wp\/v2\/comments?post=20696"}],"version-history":[{"count":1,"href":"https:\/\/www.corumbaonline.com.br\/news\/wp-json\/wp\/v2\/posts\/20696\/revisions"}],"predecessor-version":[{"id":20697,"href":"https:\/\/www.corumbaonline.com.br\/news\/wp-json\/wp\/v2\/posts\/20696\/revisions\/20697"}],"wp:attachment":[{"href":"https:\/\/www.corumbaonline.com.br\/news\/wp-json\/wp\/v2\/media?parent=20696"}],"wp:term":[{"taxonomy":"category","embeddable":true,"href":"https:\/\/www.corumbaonline.com.br\/news\/wp-json\/wp\/v2\/categories?post=20696"},{"taxonomy":"post_tag","embeddable":true,"href":"https:\/\/www.corumbaonline.com.br\/news\/wp-json\/wp\/v2\/tags?post=20696"}],"curies":[{"name":"wp","href":"https:\/\/api.w.org\/{rel}","templated":true}]}}