{"id":20701,"date":"2018-08-02T08:05:43","date_gmt":"2018-08-02T12:05:43","guid":{"rendered":"http:\/\/www.corumbaonline.com.br\/news\/?p=20701"},"modified":"2018-08-02T08:32:59","modified_gmt":"2018-08-02T12:32:59","slug":"presidente-do-tse-afirma-em-processo-que-lula-esta-inelegivel","status":"publish","type":"post","link":"https:\/\/www.corumbaonline.com.br\/news\/presidente-do-tse-afirma-em-processo-que-lula-esta-inelegivel\/","title":{"rendered":"Presidente do TSE afirma em processo que Lula est\u00e1 ineleg\u00edvel"},"content":{"rendered":"<p>O presidente do Tribunal Superior Eleitoral (TSE), Luiz Fux, considerou ontem (1\u00ba) que o ex-presidente Luiz In\u00e1cio Lula da Silva est\u00e1 ineleg\u00edvel. A afirma\u00e7\u00e3o do ministro consta na decis\u00e3o na qual ele rejeitou um pedido de um cidad\u00e3o para barrar a candidatura do ex-presidente antes mesmo do per\u00edodo de registro, que termina em 15 agosto.<\/p>\n<p>Embora tenha rejeitado o pedido do advogado por entender que o profissional n\u00e3o pode contestar o registro de candidatura, Fux reconheceu a inelegibilidade, mas disse que n\u00e3o pode decidir sobre a quest\u00e3o.<\/p>\n<p>\u201cN\u00e3o obstante vislumbrar a inelegibilidade da chapa do requerido, o v\u00edcio processual apontado imp\u00f5e a extin\u00e7\u00e3o do processo\u201d, decidiu Fux.<\/p>\n<p>Lula \u00e9 pr\u00e9-candidato \u00e0 Presid\u00eancia da Rep\u00fablica, mas pode ser barrado pela Lei da Ficha Limpa devido \u00e0 condena\u00e7\u00e3o na segunda inst\u00e2ncia. No entanto, a inelegibilidade n\u00e3o \u00e9 autom\u00e1tica, e o Tribunal Superior Eleitoral (TSE) precisa analisar o pedido para Lula concorrer. De acordo com o PT, o pedido de registro ser\u00e1 feito no dia 15 deste m\u00eas, \u00faltimo dia previsto no calend\u00e1rio eleitoral.<\/p>\n<p>Lula est\u00e1 preso desde 7 de abril na Superintend\u00eancia da Pol\u00edcia Federal em Curitiba. Ele foi condenado a 12 anos e um m\u00eas de pris\u00e3o pelos crimes de corrup\u00e7\u00e3o e lavagem de dinheiro na segunda inst\u00e2ncia da Justi\u00e7a Federal, o que o enquadra nos crit\u00e9rios de inelegibilidade da Lei da Ficha Limpa. Ele recorre em inst\u00e2ncias superiores contra a condena\u00e7\u00e3o.<\/p>\n","protected":false},"excerpt":{"rendered":"<p>O presidente do Tribunal Superior Eleitoral (TSE), Luiz Fux, considerou ontem (1\u00ba) que o ex-presidente&#8230;<\/p>\n","protected":false},"author":1,"featured_media":0,"comment_status":"closed","ping_status":"closed","sticky":false,"template":"","format":"standard","meta":{"footnotes":""},"categories":[101,19],"tags":[],"class_list":["post-20701","post","type-post","status-publish","format-standard","hentry","category-eleicoes","category-politica"],"_links":{"self":[{"href":"https:\/\/www.corumbaonline.com.br\/news\/wp-json\/wp\/v2\/posts\/20701","targetHints":{"allow":["GET"]}}],"collection":[{"href":"https:\/\/www.corumbaonline.com.br\/news\/wp-json\/wp\/v2\/posts"}],"about":[{"href":"https:\/\/www.corumbaonline.com.br\/news\/wp-json\/wp\/v2\/types\/post"}],"author":[{"embeddable":true,"href":"https:\/\/www.corumbaonline.com.br\/news\/wp-json\/wp\/v2\/users\/1"}],"replies":[{"embeddable":true,"href":"https:\/\/www.corumbaonline.com.br\/news\/wp-json\/wp\/v2\/comments?post=20701"}],"version-history":[{"count":1,"href":"https:\/\/www.corumbaonline.com.br\/news\/wp-json\/wp\/v2\/posts\/20701\/revisions"}],"predecessor-version":[{"id":20702,"href":"https:\/\/www.corumbaonline.com.br\/news\/wp-json\/wp\/v2\/posts\/20701\/revisions\/20702"}],"wp:attachment":[{"href":"https:\/\/www.corumbaonline.com.br\/news\/wp-json\/wp\/v2\/media?parent=20701"}],"wp:term":[{"taxonomy":"category","embeddable":true,"href":"https:\/\/www.corumbaonline.com.br\/news\/wp-json\/wp\/v2\/categories?post=20701"},{"taxonomy":"post_tag","embeddable":true,"href":"https:\/\/www.corumbaonline.com.br\/news\/wp-json\/wp\/v2\/tags?post=20701"}],"curies":[{"name":"wp","href":"https:\/\/api.w.org\/{rel}","templated":true}]}}