{"id":20713,"date":"2018-08-02T08:53:56","date_gmt":"2018-08-02T12:53:56","guid":{"rendered":"http:\/\/www.corumbaonline.com.br\/news\/?p=20713"},"modified":"2018-08-02T08:50:46","modified_gmt":"2018-08-02T12:50:46","slug":"supremo-pode-julgar-pedido-de-liberdade-de-lula-na-proxima-semana","status":"publish","type":"post","link":"https:\/\/www.corumbaonline.com.br\/news\/supremo-pode-julgar-pedido-de-liberdade-de-lula-na-proxima-semana\/","title":{"rendered":"Supremo pode julgar pedido de liberdade de Lula na pr\u00f3xima semana"},"content":{"rendered":"<p>O Supremo Tribunal Federal (STF) pode julgar na semana que vem pedido no qual o ex-presidente Luiz In\u00e1cio Lula da Silva pede para aguardar em liberdade o julgamento de um recurso contra sua condena\u00e7\u00e3o na Opera\u00e7\u00e3o Lava Jato.<\/p>\n<p>O caso pode ir a\u00a0julgamento na\u00a0<span id=\"OBJ_PREFIX_DWT5885_com_zimbra_date\">quinta<\/span>-feira (9), ap\u00f3s o fim do prazo para que a defesa de Lula possa entregar nova manifesta\u00e7\u00e3o. Ap\u00f3s a tramita\u00e7\u00e3o formal, a presidente da Corte, ministra C\u00e1rmen L\u00facia, poder\u00e1 incluir o pedido de soltura na pauta da sess\u00e3o ap\u00f3s a libera\u00e7\u00e3o do processo pelo relator, Edson Fachin.<\/p>\n<p>Ontem (1\u00ba), ao chegar para a sess\u00e3o da Corte, o relator do caso, ministro Edson Fachin, defendeu celeridade no julgamento devido ao per\u00edodo eleitoral e o prazo para registro de candidaturas na Justi\u00e7a Eleitoral, que termina no dia\u00a0<span id=\"OBJ_PREFIX_DWT5886_com_zimbra_date\">15 de agosto<\/span>.<\/p>\n<p>Lula \u00e9 pr\u00e9-candidato \u00e0 Presid\u00eancia da Rep\u00fablica, mas pode ser barrado pela Lei da Ficha Limpa devido \u00e0 condena\u00e7\u00e3o pela\u00a0<span id=\"OBJ_PREFIX_DWT5887_com_zimbra_date\">segunda<\/span>\u00a0inst\u00e2ncia. No entanto, a inelegibilidade n\u00e3o \u00e9 autom\u00e1tica, e o Tribunal Superior Eleitoral (TSE) precisa analisar o pedido para Lula concorrer.<\/p>\n<p><span id=\"OBJ_PREFIX_DWT5880_com_zimbra_date\"><span id=\"OBJ_PREFIX_DWT5888_com_zimbra_date\">Na ter\u00e7a-feira <\/span><\/span>(31), em parecer de 80 p\u00e1ginas, a procuradora-geral da Rep\u00fablica, Raquel Dodge,\u00a0<span id=\"OBJ_PREFIX_DWT5889_com_zimbra_url\"><a href=\"http:\/\/agenciabrasil.ebc.com.br\/justica\/noticia\/2018-07\/pgr-defende-no-supremo-que-prisao-de-lula-seja-mantida\" target=\"_blank\" rel=\"noopener noreferrer\">defendeu que Lula permane\u00e7a preso<\/a><\/span>, ante o que considera \u201cgrav\u00edssimas consequ\u00eancias judiciais\u201d dos crimes cometidos por ele.<\/p>\n<p>Lula est\u00e1 preso desde\u00a0<span id=\"OBJ_PREFIX_DWT5890_com_zimbra_date\">7 de abril<\/span>\u00a0na Superintend\u00eancia da Pol\u00edcia Federal em Curitiba. Ele foi condenado a 12 anos e um m\u00eas de pris\u00e3o pelos crimes de corrup\u00e7\u00e3o e lavagem de dinheiro na\u00a0<span id=\"OBJ_PREFIX_DWT5891_com_zimbra_date\">segunda<\/span>\u00a0inst\u00e2ncia da Justi\u00e7a Federal, o que o enquadra nos crit\u00e9rios de inelegibilidade da Lei da Ficha Limpa. Ele recorre em inst\u00e2ncias superiores contra a condena\u00e7\u00e3o.<\/p>\n<p>Em nota, a defesa de Lula afirmou que n\u00e3o h\u00e1 pedido para analisar a quest\u00e3o eleitoral no STF.<\/p>\n","protected":false},"excerpt":{"rendered":"<p>O Supremo Tribunal Federal (STF) pode julgar na semana que vem pedido no qual o&#8230;<\/p>\n","protected":false},"author":1,"featured_media":0,"comment_status":"closed","ping_status":"closed","sticky":false,"template":"","format":"standard","meta":{"footnotes":""},"categories":[19],"tags":[],"class_list":["post-20713","post","type-post","status-publish","format-standard","hentry","category-politica"],"_links":{"self":[{"href":"https:\/\/www.corumbaonline.com.br\/news\/wp-json\/wp\/v2\/posts\/20713","targetHints":{"allow":["GET"]}}],"collection":[{"href":"https:\/\/www.corumbaonline.com.br\/news\/wp-json\/wp\/v2\/posts"}],"about":[{"href":"https:\/\/www.corumbaonline.com.br\/news\/wp-json\/wp\/v2\/types\/post"}],"author":[{"embeddable":true,"href":"https:\/\/www.corumbaonline.com.br\/news\/wp-json\/wp\/v2\/users\/1"}],"replies":[{"embeddable":true,"href":"https:\/\/www.corumbaonline.com.br\/news\/wp-json\/wp\/v2\/comments?post=20713"}],"version-history":[{"count":1,"href":"https:\/\/www.corumbaonline.com.br\/news\/wp-json\/wp\/v2\/posts\/20713\/revisions"}],"predecessor-version":[{"id":20714,"href":"https:\/\/www.corumbaonline.com.br\/news\/wp-json\/wp\/v2\/posts\/20713\/revisions\/20714"}],"wp:attachment":[{"href":"https:\/\/www.corumbaonline.com.br\/news\/wp-json\/wp\/v2\/media?parent=20713"}],"wp:term":[{"taxonomy":"category","embeddable":true,"href":"https:\/\/www.corumbaonline.com.br\/news\/wp-json\/wp\/v2\/categories?post=20713"},{"taxonomy":"post_tag","embeddable":true,"href":"https:\/\/www.corumbaonline.com.br\/news\/wp-json\/wp\/v2\/tags?post=20713"}],"curies":[{"name":"wp","href":"https:\/\/api.w.org\/{rel}","templated":true}]}}