{"id":20719,"date":"2018-08-02T10:45:13","date_gmt":"2018-08-02T14:45:13","guid":{"rendered":"http:\/\/www.corumbaonline.com.br\/news\/?p=20719"},"modified":"2018-08-02T11:01:01","modified_gmt":"2018-08-02T15:01:01","slug":"apos-anuncio-de-vice-de-odilon-pdt-volta-atras-e-diz-que-nome-sera-decidido-no-sabado","status":"publish","type":"post","link":"https:\/\/www.corumbaonline.com.br\/news\/apos-anuncio-de-vice-de-odilon-pdt-volta-atras-e-diz-que-nome-sera-decidido-no-sabado\/","title":{"rendered":"Ap\u00f3s an\u00fancio de vice de Odilon, PDT volta atr\u00e1s e diz que nome ser\u00e1 decidido no s\u00e1bado"},"content":{"rendered":"<p>Depois de ter anunciado a radialista Keliana Fernandes (PROS) como nome indicado a ser a vice de Odilon de Oliveira, o PDT voltou atr\u00e1s e afirmou que nada est\u00e1 decidido. Em nota divulgada na tarde desta quarta-feira (1\u00ba), o presidente estadual do PDT-MS, deputado federal Dagoberto Nogueira, afirmou que a escolha do vice do candidato do partido ao Governo do Estado ser\u00e1 \u00a0definida e anunciada somente no s\u00e1bado e que a informa\u00e7\u00e3o anterior foi precipitada.<\/p>\n<figure id=\"attachment_877788\" class=\"wp-caption alignright\"><img loading=\"lazy\" decoding=\"async\" class=\"size-medium wp-image-877788\" src=\"https:\/\/cdn.midiamax.com.br\/elasticbeanstalk-us-west-2-809048387867\/uploads\/2018\/08\/vice-odilon-320x240.jpeg\" sizes=\"auto, (max-width: 320px) 100vw, 320px\" srcset=\"https:\/\/cdn.midiamax.com.br\/elasticbeanstalk-us-west-2-809048387867\/uploads\/2018\/08\/vice-odilon-320x240.jpeg 320w, https:\/\/cdn.midiamax.com.br\/elasticbeanstalk-us-west-2-809048387867\/uploads\/2018\/08\/vice-odilon-768x576.jpeg 768w, https:\/\/cdn.midiamax.com.br\/elasticbeanstalk-us-west-2-809048387867\/uploads\/2018\/08\/vice-odilon-1024x768.jpeg 1024w, https:\/\/cdn.midiamax.com.br\/elasticbeanstalk-us-west-2-809048387867\/uploads\/2018\/08\/vice-odilon-86x64.jpeg 86w, https:\/\/cdn.midiamax.com.br\/elasticbeanstalk-us-west-2-809048387867\/uploads\/2018\/08\/vice-odilon.jpeg 1152w\" alt=\"\" width=\"320\" height=\"240\" \/><figcaption class=\"wp-caption-text\">(Foto: divulga\u00e7\u00e3o\/PDT)<\/figcaption><\/figure>\n<p>\u201cVamos nos reunir no pr\u00f3ximo s\u00e1bado para fechar as chapas, conforme ficou deliberado na conven\u00e7\u00e3o do \u00faltimo dia 21 de julho. Os tr\u00eas nomes est\u00e3o indicados e vamos tomar uma decis\u00e3o em conjunto\u201d, disse Dagoberto.<\/p>\n<p>Segundo o pedetista, o an\u00fancio feito anteriormente pelo\u00a0ex-presidente regional do PDT e coordenador de campanha de Odilon, Jo\u00e3o Leite Schmidt, foi\u00a0precipitado, j\u00e1 que de acordo com ele, as conversas ainda n\u00e3o estavam conclu\u00eddas neste sentido.<\/p>\n<p>Ele explica ainda que PROS indicou a radialista Keliana para a vice, por\u00e9m, de acordo com ele, o PDT continua com o nome do empres\u00e1rio Herbert Assun\u00e7\u00e3o. J\u00e1 o Podemos apresentou o nome do pecuarista Chico Maia, que deixou de ser candidato ao Senado recentemente.<\/p>\n<p>A \u00a0reuni\u00e3o do PDT est\u00e1 agendada para o pr\u00f3ximo s\u00e1bado (4) \u00e0s 9 horas.<\/p>\n","protected":false},"excerpt":{"rendered":"<p>Depois de ter anunciado a radialista Keliana Fernandes (PROS) como nome indicado a ser a&#8230;<\/p>\n","protected":false},"author":1,"featured_media":0,"comment_status":"closed","ping_status":"closed","sticky":false,"template":"","format":"standard","meta":{"footnotes":""},"categories":[101,19],"tags":[],"class_list":["post-20719","post","type-post","status-publish","format-standard","hentry","category-eleicoes","category-politica"],"_links":{"self":[{"href":"https:\/\/www.corumbaonline.com.br\/news\/wp-json\/wp\/v2\/posts\/20719","targetHints":{"allow":["GET"]}}],"collection":[{"href":"https:\/\/www.corumbaonline.com.br\/news\/wp-json\/wp\/v2\/posts"}],"about":[{"href":"https:\/\/www.corumbaonline.com.br\/news\/wp-json\/wp\/v2\/types\/post"}],"author":[{"embeddable":true,"href":"https:\/\/www.corumbaonline.com.br\/news\/wp-json\/wp\/v2\/users\/1"}],"replies":[{"embeddable":true,"href":"https:\/\/www.corumbaonline.com.br\/news\/wp-json\/wp\/v2\/comments?post=20719"}],"version-history":[{"count":1,"href":"https:\/\/www.corumbaonline.com.br\/news\/wp-json\/wp\/v2\/posts\/20719\/revisions"}],"predecessor-version":[{"id":20720,"href":"https:\/\/www.corumbaonline.com.br\/news\/wp-json\/wp\/v2\/posts\/20719\/revisions\/20720"}],"wp:attachment":[{"href":"https:\/\/www.corumbaonline.com.br\/news\/wp-json\/wp\/v2\/media?parent=20719"}],"wp:term":[{"taxonomy":"category","embeddable":true,"href":"https:\/\/www.corumbaonline.com.br\/news\/wp-json\/wp\/v2\/categories?post=20719"},{"taxonomy":"post_tag","embeddable":true,"href":"https:\/\/www.corumbaonline.com.br\/news\/wp-json\/wp\/v2\/tags?post=20719"}],"curies":[{"name":"wp","href":"https:\/\/api.w.org\/{rel}","templated":true}]}}