{"id":20723,"date":"2018-08-02T11:18:01","date_gmt":"2018-08-02T15:18:01","guid":{"rendered":"http:\/\/www.corumbaonline.com.br\/news\/?p=20723"},"modified":"2018-08-02T11:22:55","modified_gmt":"2018-08-02T15:22:55","slug":"aprovado-projeto-que-obriga-hospitais-a-orientar-pais-sobre-primeiros-socorros","status":"publish","type":"post","link":"https:\/\/www.corumbaonline.com.br\/news\/aprovado-projeto-que-obriga-hospitais-a-orientar-pais-sobre-primeiros-socorros\/","title":{"rendered":"Aprovado projeto que obriga hospitais a orientar pais sobre primeiros socorros"},"content":{"rendered":"<p>Tr\u00eas propostas foram aprovadas por unanimidade durante a Ordem do Dia desta quinta-feira (2). O destaque \u00e9 o Projeto de Lei 127\/2018, de autoria do deputado Marcio Fernandes (MDB), que obriga hospitais e maternidades do Estado de Mato Grosso do Sul a oferecer aos pais e\/ou respons\u00e1veis de rec\u00e9m-nascidos orienta\u00e7\u00f5es e treinamento para primeiros socorros, em caso de engasgamento, aspira\u00e7\u00e3o de corpo estranho e preven\u00e7\u00e3o de morte s\u00fabita. A mat\u00e9ria foi aprovada em primeira discuss\u00e3o.<\/p>\n<p>\u201cA garantia de que os respons\u00e1veis por uma crian\u00e7a possam ter condi\u00e7\u00f5es de lhes prestar o m\u00ednimo de assist\u00eancia ante uma emerg\u00eancia pode ser crucial para a defini\u00e7\u00e3o entre a vida e a morte. A asfixia \u00e9 a primeira causa de morte, entre os acidentes, de crian\u00e7as com at\u00e9 um ano no Brasil e pode ser consequ\u00eancia de v\u00e1rios fatores, sendo o principal deles a obstru\u00e7\u00e3o mec\u00e2nica das vias a\u00e9reas, quando o beb\u00ea engasga com l\u00edquidos, alimentos ou pequenos objetos\u201d, explicou o parlamentar.<\/p>\n<p>O Projeto de Lei 113\/2018, do deputado Enelvo Felini (PSDB), que declara de Utilidade P\u00fablica Estadual a Associa\u00e7\u00e3o Familiar de Agricultura de Mato Grosso do Sul (AFAMS), com sede e foro no munic\u00edpio de Ponta Por\u00e3, foi aprovado em discuss\u00e3o \u00fanica.<\/p>\n<p>Por fim, em segunda vota\u00e7\u00e3o, o Projeto de Lei 101\/2018, do deputado Barbosinha (DEM), inclui no anexo do Calend\u00e1rio Oficial de Eventos do Estado, a Festa do P\u00e9 de Soja Solteiro, realizada, anualmente, no munic\u00edpio de Laguna Carap\u00e3.<\/p>\n","protected":false},"excerpt":{"rendered":"<p>Tr\u00eas propostas foram aprovadas por unanimidade durante a Ordem do Dia desta quinta-feira (2). O&#8230;<\/p>\n","protected":false},"author":1,"featured_media":0,"comment_status":"closed","ping_status":"closed","sticky":false,"template":"","format":"standard","meta":{"footnotes":""},"categories":[19],"tags":[],"class_list":["post-20723","post","type-post","status-publish","format-standard","hentry","category-politica"],"_links":{"self":[{"href":"https:\/\/www.corumbaonline.com.br\/news\/wp-json\/wp\/v2\/posts\/20723","targetHints":{"allow":["GET"]}}],"collection":[{"href":"https:\/\/www.corumbaonline.com.br\/news\/wp-json\/wp\/v2\/posts"}],"about":[{"href":"https:\/\/www.corumbaonline.com.br\/news\/wp-json\/wp\/v2\/types\/post"}],"author":[{"embeddable":true,"href":"https:\/\/www.corumbaonline.com.br\/news\/wp-json\/wp\/v2\/users\/1"}],"replies":[{"embeddable":true,"href":"https:\/\/www.corumbaonline.com.br\/news\/wp-json\/wp\/v2\/comments?post=20723"}],"version-history":[{"count":1,"href":"https:\/\/www.corumbaonline.com.br\/news\/wp-json\/wp\/v2\/posts\/20723\/revisions"}],"predecessor-version":[{"id":20724,"href":"https:\/\/www.corumbaonline.com.br\/news\/wp-json\/wp\/v2\/posts\/20723\/revisions\/20724"}],"wp:attachment":[{"href":"https:\/\/www.corumbaonline.com.br\/news\/wp-json\/wp\/v2\/media?parent=20723"}],"wp:term":[{"taxonomy":"category","embeddable":true,"href":"https:\/\/www.corumbaonline.com.br\/news\/wp-json\/wp\/v2\/categories?post=20723"},{"taxonomy":"post_tag","embeddable":true,"href":"https:\/\/www.corumbaonline.com.br\/news\/wp-json\/wp\/v2\/tags?post=20723"}],"curies":[{"name":"wp","href":"https:\/\/api.w.org\/{rel}","templated":true}]}}