{"id":20731,"date":"2018-08-02T11:52:03","date_gmt":"2018-08-02T15:52:03","guid":{"rendered":"http:\/\/www.corumbaonline.com.br\/news\/?p=20731"},"modified":"2018-08-02T11:38:47","modified_gmt":"2018-08-02T15:38:47","slug":"sesc-corumba-tera-oficina-historia-do-cinema-escolas-de-vanguarda","status":"publish","type":"post","link":"https:\/\/www.corumbaonline.com.br\/news\/sesc-corumba-tera-oficina-historia-do-cinema-escolas-de-vanguarda\/","title":{"rendered":"Sesc Corumb\u00e1 ter\u00e1 oficina &#8220;Hist\u00f3ria do Cinema &#8211; Escolas de Vanguarda&#8221;"},"content":{"rendered":"<p class=\"x_MsoNormal\">Nos dias 03 de 04 de agosto, sexta e s\u00e1bado, das 17h30 \u00e0s 21h30, o Sesc Corumb\u00e1 realiza a oficina &#8220;Hist\u00f3ria do Cinema &#8211; Escolas de Vanguarda&#8221;, Gabriel Lima. Para participar, \u00e9 preciso ter pelo menos 14 anos de idade e se inscrever mediante doa\u00e7\u00e3o de um kit de higiene com 02 sabonetes, 01 tubo de creme dental, 01 escova de dente.<\/p>\n<p class=\"x_MsoNormal\">A oficina tem como objetivo explanar reflex\u00f5es acerca do audiovisual enquanto linguagem art\u00edstica, narrativa e hist\u00f3rica. Ser\u00e3o abordados os elementos recorrentes da linguagem audiovisual em suas diversas manifesta\u00e7\u00f5es. Tamb\u00e9m ser\u00e1 discutido o cinema enquanto est\u00e9tica audiovisual, e mais especificamente as escolas de vanguarda do s\u00e9culo XX.<\/p>\n<p class=\"x_MsoNormal\">&#8220;Explanaremos sobre as caracter\u00edsticas est\u00e9ticas recorrentes que definem a singularidade de cada vanguarda, as suas rela\u00e7\u00f5es (semelhan\u00e7as e diferen\u00e7as) uma das outras, suas principais obras e autores&#8221;, diz a gerente da unidade, Thayn\u00e1 Cambar\u00e1.<\/p>\n<p class=\"x_MsoNormal\">Sobre Gabriel Lima \u2013 Produtor audiovisual, diretor e roteirista de conte\u00fado para cinema, TV e publicidade formado pelo instituto de cinema de S\u00e3o Paulo no curso livre de cinema. Atuou como produtor, roteirista e diretor em curtas metragens, clipes e filmes publicit\u00e1rios. Atualmente produz o longa &#8220;Viola Viva, sangue novo&#8221; em fase de finaliza\u00e7\u00e3o, dirige o curta document\u00e1rio &#8220;U\u00f3! Gritos do sil\u00eancio&#8221; e assina a dire\u00e7\u00e3o de fotografia do filme &#8220;Bete e Betinha&#8221;, dirigido por Marinete Pinheiro.<\/p>\n<p class=\"x_MsoNormal\">Tamb\u00e9m ministra oficinas de cinema e produ\u00e7\u00e3o audiovisual, a \u00faltima durante o Festival Am\u00e9rica do Sul 2018, que teve como resultado a realiza\u00e7\u00e3o de 5 curtas metragens. \u00c9 s\u00f3cio da Rio Bonito produ\u00e7\u00f5es, produtora independente sediada em Santo Andr\u00e9, S\u00e3o Paulo e representante legal da Embira Filmes, produtora independente de Campo Grande, Mato Grosso do Sul.<\/p>\n<p class=\"x_MsoNormal\">Servi\u00e7o \u2013 O Sesc Corumb\u00e1 fica na rua 13 de junho, 1703 \u2013 Centro. Informa\u00e7\u00f5es pelo telefone (67) 3232-3130. Acompanhe a programa\u00e7\u00e3o do Sesc no site\u00a0<a href=\"http:\/\/sesc.ms\/\" target=\"_blank\" rel=\"noopener noreferrer\">sesc.ms<\/a><\/p>\n","protected":false},"excerpt":{"rendered":"<p>Nos dias 03 de 04 de agosto, sexta e s\u00e1bado, das 17h30 \u00e0s 21h30, o&#8230;<\/p>\n","protected":false},"author":1,"featured_media":0,"comment_status":"closed","ping_status":"closed","sticky":false,"template":"","format":"standard","meta":{"footnotes":""},"categories":[7],"tags":[],"class_list":["post-20731","post","type-post","status-publish","format-standard","hentry","category-cultura"],"_links":{"self":[{"href":"https:\/\/www.corumbaonline.com.br\/news\/wp-json\/wp\/v2\/posts\/20731","targetHints":{"allow":["GET"]}}],"collection":[{"href":"https:\/\/www.corumbaonline.com.br\/news\/wp-json\/wp\/v2\/posts"}],"about":[{"href":"https:\/\/www.corumbaonline.com.br\/news\/wp-json\/wp\/v2\/types\/post"}],"author":[{"embeddable":true,"href":"https:\/\/www.corumbaonline.com.br\/news\/wp-json\/wp\/v2\/users\/1"}],"replies":[{"embeddable":true,"href":"https:\/\/www.corumbaonline.com.br\/news\/wp-json\/wp\/v2\/comments?post=20731"}],"version-history":[{"count":1,"href":"https:\/\/www.corumbaonline.com.br\/news\/wp-json\/wp\/v2\/posts\/20731\/revisions"}],"predecessor-version":[{"id":20732,"href":"https:\/\/www.corumbaonline.com.br\/news\/wp-json\/wp\/v2\/posts\/20731\/revisions\/20732"}],"wp:attachment":[{"href":"https:\/\/www.corumbaonline.com.br\/news\/wp-json\/wp\/v2\/media?parent=20731"}],"wp:term":[{"taxonomy":"category","embeddable":true,"href":"https:\/\/www.corumbaonline.com.br\/news\/wp-json\/wp\/v2\/categories?post=20731"},{"taxonomy":"post_tag","embeddable":true,"href":"https:\/\/www.corumbaonline.com.br\/news\/wp-json\/wp\/v2\/tags?post=20731"}],"curies":[{"name":"wp","href":"https:\/\/api.w.org\/{rel}","templated":true}]}}