{"id":20733,"date":"2018-08-02T12:00:24","date_gmt":"2018-08-02T16:00:24","guid":{"rendered":"http:\/\/www.corumbaonline.com.br\/news\/?p=20733"},"modified":"2018-08-02T11:40:02","modified_gmt":"2018-08-02T15:40:02","slug":"dem-oficializa-apoio-a-alckmin-a-presidencia-da-republica","status":"publish","type":"post","link":"https:\/\/www.corumbaonline.com.br\/news\/dem-oficializa-apoio-a-alckmin-a-presidencia-da-republica\/","title":{"rendered":"DEM oficializa apoio a Alckmin \u00e0 Presid\u00eancia da Rep\u00fablica"},"content":{"rendered":"<p>Em conven\u00e7\u00e3o nacional, o Democratas (DEM) oficializou hoje (2) o apoio \u00e0 pr\u00e9-candidatura do ex-governador de S\u00e3o Paulo Geraldo Alckmin (PSDB) \u00e0 Presid\u00eancia da Rep\u00fablica. Os partidos que comp\u00f5em o chamado Centr\u00e3o, formado por DEM, PP, PRB, PR e Solidariedade, oficializaram o apoio ao tucano na semana passada.<\/p>\n<p>Presente na conven\u00e7\u00e3o, Alckmin disse que o nome do vice-presidente na sua chapa ser\u00e1 divulgado na Conven\u00e7\u00e3o Nacional do PSDB, marcada para este s\u00e1bado (4), em Bras\u00edlia. O ex-governador agradeceu o apoio e a confian\u00e7a do Democratas ao seu nome. \u201cVamos fazer juntos uma grande campanha\u201d.<\/p>\n<p>Alckmin disse que o foco do seu programa de governo ser\u00e1 a retomada do emprego. \u201cO Brasil \u00e9 um pa\u00eds vocacionado para crescer, mas para crescer precisa ter confian\u00e7a\u201d. Ele afirmou que, se eleito, vai trabalhar para que o Brasil receba investimentos para voltar a crescer.<\/p>\n<p>Segundo o presidente nacional do DEM, ACM Neto, o candidato tucano vai mostrar que \u00e9 poss\u00edvel ter esperan\u00e7a de fazer boa pol\u00edtica, em uma campanha.<\/p>\n<p>Ao chegar \u00e0 conven\u00e7\u00e3o, o presidente da C\u00e2mara dos Deputados, Rodrigo Maia (DEM-RJ), disse que j\u00e1 h\u00e1 consenso para o nome do vice-presidente na chapa de Alckmin, mas n\u00e3o divulgou o nome. Segundo ACM Neto, o vice-presidente da chapa vir\u00e1 do bloco denominado centro democr\u00e1tico.<\/p>\n<p>Atualmente, a bancada do DEM no Congresso Nacional tem 43 deputados federais e cinco senadores.<\/p>\n","protected":false},"excerpt":{"rendered":"<p>Em conven\u00e7\u00e3o nacional, o Democratas (DEM) oficializou hoje (2) o apoio \u00e0 pr\u00e9-candidatura do ex-governador&#8230;<\/p>\n","protected":false},"author":1,"featured_media":0,"comment_status":"closed","ping_status":"closed","sticky":false,"template":"","format":"standard","meta":{"footnotes":""},"categories":[19],"tags":[],"class_list":["post-20733","post","type-post","status-publish","format-standard","hentry","category-politica"],"_links":{"self":[{"href":"https:\/\/www.corumbaonline.com.br\/news\/wp-json\/wp\/v2\/posts\/20733","targetHints":{"allow":["GET"]}}],"collection":[{"href":"https:\/\/www.corumbaonline.com.br\/news\/wp-json\/wp\/v2\/posts"}],"about":[{"href":"https:\/\/www.corumbaonline.com.br\/news\/wp-json\/wp\/v2\/types\/post"}],"author":[{"embeddable":true,"href":"https:\/\/www.corumbaonline.com.br\/news\/wp-json\/wp\/v2\/users\/1"}],"replies":[{"embeddable":true,"href":"https:\/\/www.corumbaonline.com.br\/news\/wp-json\/wp\/v2\/comments?post=20733"}],"version-history":[{"count":1,"href":"https:\/\/www.corumbaonline.com.br\/news\/wp-json\/wp\/v2\/posts\/20733\/revisions"}],"predecessor-version":[{"id":20734,"href":"https:\/\/www.corumbaonline.com.br\/news\/wp-json\/wp\/v2\/posts\/20733\/revisions\/20734"}],"wp:attachment":[{"href":"https:\/\/www.corumbaonline.com.br\/news\/wp-json\/wp\/v2\/media?parent=20733"}],"wp:term":[{"taxonomy":"category","embeddable":true,"href":"https:\/\/www.corumbaonline.com.br\/news\/wp-json\/wp\/v2\/categories?post=20733"},{"taxonomy":"post_tag","embeddable":true,"href":"https:\/\/www.corumbaonline.com.br\/news\/wp-json\/wp\/v2\/tags?post=20733"}],"curies":[{"name":"wp","href":"https:\/\/api.w.org\/{rel}","templated":true}]}}