{"id":20735,"date":"2018-08-02T13:00:03","date_gmt":"2018-08-02T17:00:03","guid":{"rendered":"http:\/\/www.corumbaonline.com.br\/news\/?p=20735"},"modified":"2018-08-02T12:51:44","modified_gmt":"2018-08-02T16:51:44","slug":"festival-estudantil-da-cancao-de-corumba-2018-tera-43-participantes","status":"publish","type":"post","link":"https:\/\/www.corumbaonline.com.br\/news\/festival-estudantil-da-cancao-de-corumba-2018-tera-43-participantes\/","title":{"rendered":"Festival Estudantil da Can\u00e7\u00e3o de Corumb\u00e1 2018 ter\u00e1 43 participantes"},"content":{"rendered":"<p>Promovido pela Prefeitura de Corumb\u00e1, por meio da Secretaria Especial da Cidadania e Direitos Humanos e da Secretaria Municipal de Educa\u00e7\u00e3o, o Festival Estudantil da Can\u00e7\u00e3o de Corumb\u00e1 (FECC 2018) ter\u00e1 a participa\u00e7\u00e3o de 43 estudantes das redes p\u00fablica e particular de ensino da cidade.<\/p>\n<p>&nbsp;<\/p>\n<p>Na categoria Infantil, ser\u00e3o nove competidores; na Juvenil s\u00e3o 12; cinco na Adulto; 15 na Gospel; e dois na categoria Especial. O resultado final dos classificados na etapa Seletiva Eliminat\u00f3ria, realizada no per\u00edodo de 09 a 13 de julho, pode ser conferido no<em><strong><a href=\"http:\/\/do.corumba.ms.gov.br\/portal\/edicoes\/download\/3131\">\u00a0DIOCORUMB\u00c1<\/a><\/strong><\/em>\u00a0do \u00faltimo dia 17 de julho.<\/p>\n<p>&nbsp;<\/p>\n<p>O Festival Estudantil da Can\u00e7\u00e3o acontece no dias 23, 24 e 25 de agosto no gin\u00e1sio Poliesportivo Luc\u00edlio de Medeiros. O evento conta com apoios da Funda\u00e7\u00e3o de Esportes de Corumb\u00e1 (Funec); e da Cultura e do Patrim\u00f4nio Hist\u00f3rico de Corumb\u00e1. Participam do FECC os alunos da rede p\u00fablica municipal, estadual ou federal, bem como os da rede privada de ensino, de qualquer etapa da Educa\u00e7\u00e3o B\u00e1sica ou do Ensino Superior.<\/p>\n<p>&nbsp;<\/p>\n<p><strong>Torcidas<\/strong><\/p>\n<p>&nbsp;<\/p>\n<p>Conforme o regulamento do FECC 2018, ser\u00e1 disponibilizado o n\u00famero m\u00e1ximo de participa\u00e7\u00e3o para at\u00e9 10 torcidas organizadas para o FECC 2018. O crit\u00e9rio de sele\u00e7\u00e3o para participa\u00e7\u00e3o, no caso de mais de 10 unidades solicitantes, ser\u00e1 de ordem de recebimento da inscri\u00e7\u00e3o.<\/p>\n<p>&nbsp;<\/p>\n<p>As unidades de ensino poder\u00e3o inscrever apenas uma torcida organizada, com no m\u00ednimo de 80 e m\u00e1ximo de 120 integrantes, incluindo os componentes da organiza\u00e7\u00e3o da mesma. As inscri\u00e7\u00f5es dever\u00e3o ser realizadas entre os dias 01 a 13 de agosto de 2018, das 8h \u00e0s 11h e das 14h \u00e0s 17h, na Secretaria Especial de Cidadania e Direitos Humanos, Coordenadoria de Politicas Publicas para Juventude, sito na Rua XV de Novembro, 400 \u2013 Centro.<\/p>\n<p>&nbsp;<\/p>\n<p>Cada torcida, previamente inscrita, dever\u00e1 entregar at\u00e9 o dia 20 de agosto de 2018, \u00e0s 11h, na Secretaria Especial de Cidadania e Direitos Humanos, 10 c\u00f3pias do release de sua torcida, contendo nome da escola, nome da torcida, o respons\u00e1vel pela torcida e seu referido suplente, tema, cores da camiseta e informa\u00e7\u00f5es adicionais, caso sejam necess\u00e1rias. O espa\u00e7o reservado a cada torcida nas arquibancadas ser\u00e1 definido por sorteio, a ser realizado no dia 17 de agosto de 2018, no Gin\u00e1sio Poliesportivo Luc\u00edlio de Medeiros, \u00e0s 10h.<\/p>\n<p>&nbsp;<\/p>\n<p>O Gin\u00e1sio Poliesportivo Luc\u00edlio de Medeiros estar\u00e1 \u00e0 disposi\u00e7\u00e3o para a prepara\u00e7\u00e3o do espa\u00e7o das torcidas a partir dia 22 de agosto de 2018, \u00e0s 8h. Cada torcida tem a liberdade de escolher o seu tema e a cor das suas camisetas ou abad\u00e1s, desde que atenda aos preceitos deste Regulamento. \u00c9 permitida a alus\u00e3o a patrocinadores nas camisetas ou abad\u00e1s, desde que as mesmas n\u00e3o tenham cunho pol\u00edtico-eleitoral ou evoquem o uso de bebidas alco\u00f3licas ou derivados de tabaco, bem como palavras ou imagens de cunho sexual.<\/p>\n<p>&nbsp;<\/p>\n<p>A soma dos pontos dos jurados dos tr\u00eas dias e nos quesitos de avalia\u00e7\u00e3o, ir\u00e1 definir as coloca\u00e7\u00f5es de 1\u00ba ao m\u00e1ximo do 10\u00ba lugar (se houver) do Festival Estudantil da Can\u00e7\u00e3o de Corumb\u00e1 2018, sendo a premia\u00e7\u00e3o dividida da seguinte forma:<\/p>\n<p>&nbsp;<\/p>\n<p>1\u00ba Lugar: 50% da arrecada\u00e7\u00e3o da bilheteria dos 3 (tr\u00eas) dias de Festival, recolhida no local;<\/p>\n<p>2\u00ba Lugar: 30% da arrecada\u00e7\u00e3o da bilheteria dos 3 (tr\u00eas) dias de Festival, recolhida no local;<\/p>\n<p>3\u00ba Lugar: 20% da arrecada\u00e7\u00e3o da bilheteria dos 3 (tr\u00eas) dias de Festival, recolhida no local.<\/p>\n<p>&nbsp;<\/p>\n<p>A fiscaliza\u00e7\u00e3o da arrecada\u00e7\u00e3o da bilheteria do evento ficar\u00e1 a cargo Coordenadoria de Politicas Publicas Para Juventude, a ser definida at\u00e9 dois dias antes do in\u00edcio do evento, a qual ser\u00e1 respons\u00e1vel por fazer as devidas contagens, repasses de premia\u00e7\u00e3o e presta\u00e7\u00e3o de contas necess\u00e1rias.<\/p>\n","protected":false},"excerpt":{"rendered":"<p>Promovido pela Prefeitura de Corumb\u00e1, por meio da Secretaria Especial da Cidadania e Direitos Humanos&#8230;<\/p>\n","protected":false},"author":1,"featured_media":20736,"comment_status":"closed","ping_status":"closed","sticky":false,"template":"","format":"standard","meta":{"footnotes":""},"categories":[7,8],"tags":[],"class_list":["post-20735","post","type-post","status-publish","format-standard","has-post-thumbnail","hentry","category-cultura","category-destaque"],"_links":{"self":[{"href":"https:\/\/www.corumbaonline.com.br\/news\/wp-json\/wp\/v2\/posts\/20735","targetHints":{"allow":["GET"]}}],"collection":[{"href":"https:\/\/www.corumbaonline.com.br\/news\/wp-json\/wp\/v2\/posts"}],"about":[{"href":"https:\/\/www.corumbaonline.com.br\/news\/wp-json\/wp\/v2\/types\/post"}],"author":[{"embeddable":true,"href":"https:\/\/www.corumbaonline.com.br\/news\/wp-json\/wp\/v2\/users\/1"}],"replies":[{"embeddable":true,"href":"https:\/\/www.corumbaonline.com.br\/news\/wp-json\/wp\/v2\/comments?post=20735"}],"version-history":[{"count":1,"href":"https:\/\/www.corumbaonline.com.br\/news\/wp-json\/wp\/v2\/posts\/20735\/revisions"}],"predecessor-version":[{"id":20737,"href":"https:\/\/www.corumbaonline.com.br\/news\/wp-json\/wp\/v2\/posts\/20735\/revisions\/20737"}],"wp:featuredmedia":[{"embeddable":true,"href":"https:\/\/www.corumbaonline.com.br\/news\/wp-json\/wp\/v2\/media\/20736"}],"wp:attachment":[{"href":"https:\/\/www.corumbaonline.com.br\/news\/wp-json\/wp\/v2\/media?parent=20735"}],"wp:term":[{"taxonomy":"category","embeddable":true,"href":"https:\/\/www.corumbaonline.com.br\/news\/wp-json\/wp\/v2\/categories?post=20735"},{"taxonomy":"post_tag","embeddable":true,"href":"https:\/\/www.corumbaonline.com.br\/news\/wp-json\/wp\/v2\/tags?post=20735"}],"curies":[{"name":"wp","href":"https:\/\/api.w.org\/{rel}","templated":true}]}}