{"id":20738,"date":"2018-08-02T13:20:00","date_gmt":"2018-08-02T17:20:00","guid":{"rendered":"http:\/\/www.corumbaonline.com.br\/news\/?p=20738"},"modified":"2018-08-02T13:04:24","modified_gmt":"2018-08-02T17:04:24","slug":"s-o-s-infantil","status":"publish","type":"post","link":"https:\/\/www.corumbaonline.com.br\/news\/s-o-s-infantil\/","title":{"rendered":"S.O.S. Infantil"},"content":{"rendered":"<p class=\"x_MsoNormal\">Estudos cient\u00edficos recentes revelam que est\u00e1vamos enganados com rela\u00e7\u00e3o \u00e0 idade de forma\u00e7\u00e3o do car\u00e1ter e personalidade do indiv\u00edduo. Ach\u00e1vamos que isso se dava at\u00e9 aos 8, 9 anos de idade. N\u00e3o \u00e9. Se d\u00e1 at\u00e9 aos 3 anos de idade. Essa informa\u00e7\u00e3o \u00e9 nova e, dada a sua import\u00e2ncia, o pr\u00f3prio Governo resolveu fazer a sua parte para divulgar. Faz por interm\u00e9dio do Minist\u00e9rio de Integra\u00e7\u00e3o Social, em parceria com os estados e prefeituras, com a execu\u00e7\u00e3o do Programa Crian\u00e7a Feliz.<\/p>\n<p class=\"x_MsoNormal\">Um dos mais entusiasmados com essas novas descobertas \u00e9 o ex-ministro dessa pasta, Osmar Terra, que percorreu o Brasil recentemente para divulgar essa grande novidade, para que a sociedade tomasse conhecimento e tamb\u00e9m as devidas provid\u00eancias para que as fam\u00edlias passassem a trabalhar melhor essa nova informa\u00e7\u00e3o nos lares, com as crian\u00e7as, dando-lhes todo amparo necess\u00e1rio para serem bem orientadas, educadas e formadas para tornarem-se bons cidad\u00e3os e cidad\u00e3s amanh\u00e3.<\/p>\n<p class=\"x_MsoNormal\">Os estudos revelam que a crian\u00e7a sente-se insegura quando perde o conforto recebido durante o per\u00edodo de gesta\u00e7\u00e3o e que se n\u00e3o for bem suprida quando nasce, pode contrair os primeiros problemas na sua forma\u00e7\u00e3o como indiv\u00edduo.<\/p>\n<p class=\"x_MsoNormal\">Inseguran\u00e7a, fome, frio, maus tratos diretos e indiretos (a crian\u00e7a tem a sensibilidade de sentir a instabilidade emocional do ambiente), brigas, desentendimentos, gritaria, xingamentos e at\u00e9 palavras \u00e1speras, duras&#8230; tudo pode influenciar negativamente na forma\u00e7\u00e3o do indiv\u00edduo nos primeiros tr\u00eas anos de vida, principalmente.<\/p>\n<p class=\"x_MsoNormal\">\u00c9 nesse per\u00edodo que a rede de neur\u00f4nios come\u00e7a se formar, organizando a intelig\u00eancia e compet\u00eancia do indiv\u00edduo. E \u00e9 a\u00ed que a crian\u00e7a precisa ser &#8220;trabalhada&#8221; (estimulada) para se desenvolver cognitivamente para alcan\u00e7ar sua plenitude para estabelecer um alicerce que a assegurar\u00e1 para o resto de sua vida.<\/p>\n<p class=\"x_MsoNormal\">S\u00e3o nos primeiros meses tamb\u00e9m, segundo os estudos anunciados pelo Minist\u00e9rio, que se organizam na crian\u00e7a a audi\u00e7\u00e3o e vis\u00e3o. Estimuladas elas poder\u00e3o ser melhores desenvolvidas. Para isso o Estado est\u00e1 espalhando profissionais habilitados para atuar principalmente junto a comunidades pobres por todo o Brasil, com o apoio e participa\u00e7\u00e3o das prefeituras.<\/p>\n<p class=\"x_MsoNormal\">O per\u00edodo de gesta\u00e7\u00e3o tamb\u00e9m \u00e9 muito importante, pois nele a crian\u00e7a tamb\u00e9m pode ser educada e ensinada. A ci\u00eancia comprova isso. Pais podem e devem conversar com o beb\u00ea ainda no \u00fatero e depois do nascimento, continuar fazendo o mesmo, amparando-0 diante de todas as necessidades f\u00edsicas e emocionais. O resultado disso tudo \u00e9 altamente positivo.<\/p>\n<p class=\"x_MsoNormal\">Na medida em que a crian\u00e7a cresce \u00e9 muito importante prepar\u00e1-la, desde cedo, para o mundo. Conversar com ela prevendo as dificuldades que enfrentar\u00e1 na vida a come\u00e7ar na escola, diante dos amiguinhos. Isso evita uma s\u00e9rie de problemas como o &#8220;bullying&#8221; e outros atos nocivos \u00e0 cria\u00e7\u00e3o.<\/p>\n<p class=\"x_MsoNormal\">Profetizar sobre a vida do filho tamb\u00e9m \u00e9 muito importante. Ao inv\u00e9s de conversas banais e sem significados, os pais podem (todos os dias) falar com os filhos dizendo que ser\u00e3o grandes homens ou grandes mulheres. Que ser\u00e3o inteligentes, bondosos, honestos, trabalhadores e muito especiais e que far\u00e3o a diferen\u00e7a na vida das pessoas. Ou seja, profetizar coisas boas para os menores e sem deixar de dizer sobre os obst\u00e1culos que ter\u00e3o que vencer na vida para alcan\u00e7ar essas metas e tantas outras que estabelecerem na vida, \u00e9 muito importante.<\/p>\n<p class=\"x_MsoNormal\">Pais que profetizam positivamente sobre a vida de seus filhos fortalece-os para enfrentar as diversidades naturais da vida de todo ser humano. Bem alicer\u00e7ados no lar elas enfrentar\u00e3o esses obst\u00e1culos com maior facilidade que aquelas que n\u00e3o foram preparadas para a vida.<\/p>\n<p class=\"x_MsoNormal\">Os judeus s\u00e3o muito bons nisso. Todos os dias colocam os filhos no colo e profetizam coisas boas para a crian\u00e7a. O menor cresce com uma for\u00e7a especial e de fato tornam-se vencedoras na vida.<\/p>\n<p class=\"x_MsoNormal\">Tudo isso pode ser novo para a maioria das fam\u00edlias, especialmente as menos abastadas como \u00e9 a maioria do povo brasileiro. Mas s\u00e3o pontos que merecem toda reflex\u00e3o para que tenhamos filhos melhores para a forma\u00e7\u00e3o de uma sociedade mais justa e com qualidade de vida para todos.<\/p>\n<p class=\"x_MsoNormal\">Wilson Aquino &#8211; Jornalista e Professor<\/p>\n","protected":false},"excerpt":{"rendered":"<p>Estudos cient\u00edficos recentes revelam que est\u00e1vamos enganados com rela\u00e7\u00e3o \u00e0 idade de forma\u00e7\u00e3o do car\u00e1ter&#8230;<\/p>\n","protected":false},"author":1,"featured_media":19710,"comment_status":"closed","ping_status":"closed","sticky":false,"template":"","format":"standard","meta":{"footnotes":""},"categories":[3],"tags":[],"class_list":["post-20738","post","type-post","status-publish","format-standard","has-post-thumbnail","hentry","category-artigo"],"_links":{"self":[{"href":"https:\/\/www.corumbaonline.com.br\/news\/wp-json\/wp\/v2\/posts\/20738","targetHints":{"allow":["GET"]}}],"collection":[{"href":"https:\/\/www.corumbaonline.com.br\/news\/wp-json\/wp\/v2\/posts"}],"about":[{"href":"https:\/\/www.corumbaonline.com.br\/news\/wp-json\/wp\/v2\/types\/post"}],"author":[{"embeddable":true,"href":"https:\/\/www.corumbaonline.com.br\/news\/wp-json\/wp\/v2\/users\/1"}],"replies":[{"embeddable":true,"href":"https:\/\/www.corumbaonline.com.br\/news\/wp-json\/wp\/v2\/comments?post=20738"}],"version-history":[{"count":1,"href":"https:\/\/www.corumbaonline.com.br\/news\/wp-json\/wp\/v2\/posts\/20738\/revisions"}],"predecessor-version":[{"id":20739,"href":"https:\/\/www.corumbaonline.com.br\/news\/wp-json\/wp\/v2\/posts\/20738\/revisions\/20739"}],"wp:featuredmedia":[{"embeddable":true,"href":"https:\/\/www.corumbaonline.com.br\/news\/wp-json\/wp\/v2\/media\/19710"}],"wp:attachment":[{"href":"https:\/\/www.corumbaonline.com.br\/news\/wp-json\/wp\/v2\/media?parent=20738"}],"wp:term":[{"taxonomy":"category","embeddable":true,"href":"https:\/\/www.corumbaonline.com.br\/news\/wp-json\/wp\/v2\/categories?post=20738"},{"taxonomy":"post_tag","embeddable":true,"href":"https:\/\/www.corumbaonline.com.br\/news\/wp-json\/wp\/v2\/tags?post=20738"}],"curies":[{"name":"wp","href":"https:\/\/api.w.org\/{rel}","templated":true}]}}