{"id":20746,"date":"2018-08-02T14:00:29","date_gmt":"2018-08-02T18:00:29","guid":{"rendered":"http:\/\/www.corumbaonline.com.br\/news\/?p=20746"},"modified":"2018-08-02T19:38:20","modified_gmt":"2018-08-02T23:38:20","slug":"decreto-regulamenta-a-incorporacao-temporaria-de-civis-ao-exercito","status":"publish","type":"post","link":"https:\/\/www.corumbaonline.com.br\/news\/decreto-regulamenta-a-incorporacao-temporaria-de-civis-ao-exercito\/","title":{"rendered":"Decreto regulamenta a incorpora\u00e7\u00e3o tempor\u00e1ria de civis ao Ex\u00e9rcito"},"content":{"rendered":"<p>O presidente Michel Temer assinou o decreto que permite ao Ex\u00e9rcito incorporar em seu servi\u00e7o ativo, em car\u00e1ter volunt\u00e1rio e tempor\u00e1rio, brasileiros com compet\u00eancia nas \u00e1reas de ci\u00eancia e tecnologia, medicina e educa\u00e7\u00e3o. O decreto est\u00e1 publicado na edi\u00e7\u00e3o de hoje (2) do\u00a0<em>Di\u00e1rio Oficial da Uni\u00e3o<\/em>.<\/p>\n<p>O texto define que os profissionais devem ter \u201creconhecida compet\u00eancia t\u00e9cnico-profissional\u201d ou \u201cnot\u00f3ria cultura cient\u00edfica\u201d e ter experi\u00eancia profissional em fun\u00e7\u00f5es de n\u00edvel correlato \u00e0quelas exigidas pelo servi\u00e7o.<\/p>\n<p>Haver\u00e1 processo seletivo do qual podem participar pessoas que j\u00e1 integrem o Ex\u00e9rcito, na condi\u00e7\u00e3o de aspirantes a oficial, reservistas, os homens dispensados do servi\u00e7o militar obrigat\u00f3rio e as mulheres volunt\u00e1rias. De acordo com o decreto, a incorpora\u00e7\u00e3o ser\u00e1 em car\u00e1ter tempor\u00e1rio e poder\u00e1 durar at\u00e9 oito anos, ininterruptos ou intercalados.<\/p>\n<p>Os aprovados ser\u00e3o integrados no posto de major. Al\u00e9m disso, ser\u00e3o compatibilizadas a atividade militar com as atividades civis que o aprovado desempenhe.<\/p>\n","protected":false},"excerpt":{"rendered":"<p>O presidente Michel Temer assinou o decreto que permite ao Ex\u00e9rcito incorporar em seu servi\u00e7o&#8230;<\/p>\n","protected":false},"author":1,"featured_media":0,"comment_status":"closed","ping_status":"closed","sticky":false,"template":"","format":"standard","meta":{"footnotes":""},"categories":[19],"tags":[],"class_list":["post-20746","post","type-post","status-publish","format-standard","hentry","category-politica"],"_links":{"self":[{"href":"https:\/\/www.corumbaonline.com.br\/news\/wp-json\/wp\/v2\/posts\/20746","targetHints":{"allow":["GET"]}}],"collection":[{"href":"https:\/\/www.corumbaonline.com.br\/news\/wp-json\/wp\/v2\/posts"}],"about":[{"href":"https:\/\/www.corumbaonline.com.br\/news\/wp-json\/wp\/v2\/types\/post"}],"author":[{"embeddable":true,"href":"https:\/\/www.corumbaonline.com.br\/news\/wp-json\/wp\/v2\/users\/1"}],"replies":[{"embeddable":true,"href":"https:\/\/www.corumbaonline.com.br\/news\/wp-json\/wp\/v2\/comments?post=20746"}],"version-history":[{"count":1,"href":"https:\/\/www.corumbaonline.com.br\/news\/wp-json\/wp\/v2\/posts\/20746\/revisions"}],"predecessor-version":[{"id":20747,"href":"https:\/\/www.corumbaonline.com.br\/news\/wp-json\/wp\/v2\/posts\/20746\/revisions\/20747"}],"wp:attachment":[{"href":"https:\/\/www.corumbaonline.com.br\/news\/wp-json\/wp\/v2\/media?parent=20746"}],"wp:term":[{"taxonomy":"category","embeddable":true,"href":"https:\/\/www.corumbaonline.com.br\/news\/wp-json\/wp\/v2\/categories?post=20746"},{"taxonomy":"post_tag","embeddable":true,"href":"https:\/\/www.corumbaonline.com.br\/news\/wp-json\/wp\/v2\/tags?post=20746"}],"curies":[{"name":"wp","href":"https:\/\/api.w.org\/{rel}","templated":true}]}}