{"id":20748,"date":"2018-08-02T16:30:35","date_gmt":"2018-08-02T20:30:35","guid":{"rendered":"http:\/\/www.corumbaonline.com.br\/news\/?p=20748"},"modified":"2018-08-02T19:47:53","modified_gmt":"2018-08-02T23:47:53","slug":"eleitores-com-deficiencia-podem-requerer-mudanca-temporaria-de-secao-para-as-eleicoes-2018","status":"publish","type":"post","link":"https:\/\/www.corumbaonline.com.br\/news\/eleitores-com-deficiencia-podem-requerer-mudanca-temporaria-de-secao-para-as-eleicoes-2018\/","title":{"rendered":"Eleitores com defici\u00eancia podem requerer mudan\u00e7a tempor\u00e1ria de se\u00e7\u00e3o para as Elei\u00e7\u00f5es 2018"},"content":{"rendered":"<p class=\"x_MsoNormal\">At\u00e9 o dia 23 de agosto, o eleitor com defici\u00eancia ou mobilidade reduzida poder\u00e1 solicitar a transfer\u00eancia tempor\u00e1ria para se\u00e7\u00e3o especial ou qualquer outra de sua prefer\u00eancia, desde que dentro do seu munic\u00edpio, e, com isso, garantir sua participa\u00e7\u00e3o nas Elei\u00e7\u00f5es 2018.<\/p>\n<p class=\"x_MsoNormal\">O voto em tr\u00e2nsito para pessoas com dificuldade de locomo\u00e7\u00e3o \u00e9 previsto pelo Calend\u00e1rio Eleitoral e visa a atender aqueles que perderam o prazo de fechamento do Cadastro Eleitoral ou pessoas que passaram a ter essa condi\u00e7\u00e3o ap\u00f3s o dia 9 de maio de 2018.<\/p>\n<p class=\"x_MsoNormal\">A transfer\u00eancia realizada durante esse per\u00edodo, em que o cadastro eleitoral est\u00e1 fechado, \u00e9 tempor\u00e1ria. Caso o eleitor queira solicitar, de modo permanente, a inclus\u00e3o de seu cadastro em se\u00e7\u00e3o especial, dever\u00e1 aguardar a reabertura do cadastro eleitoral, em novembro.<\/p>\n<h1 class=\"x_MsoNormal\"><b>Voto em tr\u00e2nsito<\/b><\/h1>\n<p class=\"x_MsoNormal\">Tamb\u00e9m at\u00e9 o dia 23 de agosto, qualquer eleitor em situa\u00e7\u00e3o regular poder\u00e1 habilitar-se perante a Justi\u00e7a Eleitoral para votar fora de seu domicilio eleitoral. Para isso, basta comparecer em qualquer cart\u00f3rio eleitoral, munido de documento oficial com foto, e indicar em qual munic\u00edpio estar\u00e1 no dia do pleito. A habilita\u00e7\u00e3o &#8211; que pode ser requerida para o 1\u00ba, 2\u00ba ou ambos os turnos da elei\u00e7\u00e3o &#8211; tem car\u00e1ter tempor\u00e1rio e \u00e9 poss\u00edvel apenas para capitais e cidades com mais de 100 mil eleitores.<\/p>\n<p class=\"x_MsoNormal\">Do mesmo modo, o per\u00edodo deve ser respeitado pelas For\u00e7as Armadas; pelas pol\u00edcias (Federal, Rodovi\u00e1ria Federal, Ferrovi\u00e1ria Federal, civis e militares); corpos de bombeiros militares e as guardas municipais para o encaminhamento \u00e0 Justi\u00e7a Eleitoral de listagem para que aqueles que estiverem em servi\u00e7o no dia da elei\u00e7\u00e3o possam votar em tr\u00e2nsito.<\/p>\n","protected":false},"excerpt":{"rendered":"<p>At\u00e9 o dia 23 de agosto, o eleitor com defici\u00eancia ou mobilidade reduzida poder\u00e1 solicitar&#8230;<\/p>\n","protected":false},"author":1,"featured_media":0,"comment_status":"closed","ping_status":"closed","sticky":false,"template":"","format":"standard","meta":{"footnotes":""},"categories":[101,19],"tags":[],"class_list":["post-20748","post","type-post","status-publish","format-standard","hentry","category-eleicoes","category-politica"],"_links":{"self":[{"href":"https:\/\/www.corumbaonline.com.br\/news\/wp-json\/wp\/v2\/posts\/20748","targetHints":{"allow":["GET"]}}],"collection":[{"href":"https:\/\/www.corumbaonline.com.br\/news\/wp-json\/wp\/v2\/posts"}],"about":[{"href":"https:\/\/www.corumbaonline.com.br\/news\/wp-json\/wp\/v2\/types\/post"}],"author":[{"embeddable":true,"href":"https:\/\/www.corumbaonline.com.br\/news\/wp-json\/wp\/v2\/users\/1"}],"replies":[{"embeddable":true,"href":"https:\/\/www.corumbaonline.com.br\/news\/wp-json\/wp\/v2\/comments?post=20748"}],"version-history":[{"count":1,"href":"https:\/\/www.corumbaonline.com.br\/news\/wp-json\/wp\/v2\/posts\/20748\/revisions"}],"predecessor-version":[{"id":20749,"href":"https:\/\/www.corumbaonline.com.br\/news\/wp-json\/wp\/v2\/posts\/20748\/revisions\/20749"}],"wp:attachment":[{"href":"https:\/\/www.corumbaonline.com.br\/news\/wp-json\/wp\/v2\/media?parent=20748"}],"wp:term":[{"taxonomy":"category","embeddable":true,"href":"https:\/\/www.corumbaonline.com.br\/news\/wp-json\/wp\/v2\/categories?post=20748"},{"taxonomy":"post_tag","embeddable":true,"href":"https:\/\/www.corumbaonline.com.br\/news\/wp-json\/wp\/v2\/tags?post=20748"}],"curies":[{"name":"wp","href":"https:\/\/api.w.org\/{rel}","templated":true}]}}