{"id":20754,"date":"2018-08-03T08:12:14","date_gmt":"2018-08-03T12:12:14","guid":{"rendered":"http:\/\/www.corumbaonline.com.br\/news\/?p=20754"},"modified":"2018-08-03T08:40:41","modified_gmt":"2018-08-03T12:40:41","slug":"com-frete-mais-caro-e-dolar-oscilante-preco-do-pao-frances-tera-reajuste-de-10-em-ms","status":"publish","type":"post","link":"https:\/\/www.corumbaonline.com.br\/news\/com-frete-mais-caro-e-dolar-oscilante-preco-do-pao-frances-tera-reajuste-de-10-em-ms\/","title":{"rendered":"Com frete mais caro e d\u00f3lar oscilante, pre\u00e7o do p\u00e3o franc\u00eas ter\u00e1 reajuste de 10% em MS"},"content":{"rendered":"<p class=\"x_MsoNormal\">A ind\u00fastria de panifica\u00e7\u00e3o bem que tentou segurar os pre\u00e7os, mas uma sucess\u00e3o de fatores adversos levou as padarias de Mato Grosso do Sul a reajustar o quilo do p\u00e3o franc\u00eas em 10%. Os novos valores come\u00e7am a ser cobrados de imediato, elevando a m\u00e9dia do custo do p\u00e3ozinho de R$ 12,50 para R$ 14,02 o quilo, segundo os c\u00e1lculos do Sindepan\/MS (Sindicato das Ind\u00fastrias de Panifica\u00e7\u00e3o e Confeitaria de Mato Grosso do Sul), que representa 45 panificadoras de Campo Grande e Tr\u00eas Lagoas.<\/p>\n<p class=\"x_MsoNormal\">\n<p class=\"x_MsoNormal\">O presidente do Sindepan\/MS, Marcelo Silva de Novaes, explica que o receio de desagradar ao consumidor fez com que os estabelecimentos segurassem o pre\u00e7o final do produto. \u201cNos \u00faltimos 12 meses, reduziram a margem de lucro em at\u00e9 cinco pontos percentuais para que o pre\u00e7o do p\u00e3ozinho n\u00e3o fosse reajustado\u201d, explicou.<\/p>\n<p class=\"x_MsoNormal\">\n<p class=\"x_MsoNormal\">No entanto, o cen\u00e1rio, que j\u00e1 estava cr\u00edtico diante da instabilidade do d\u00f3lar e sucessivas altas do trigo na Argentina (principal fornecedor do insumo para as panificadoras), sofreu com o impacto da tabela de pre\u00e7os m\u00ednimos de frete, criada pelo governo federal para atender aos caminhoneiros ap\u00f3s a paralisa\u00e7\u00e3o de maio.<\/p>\n<p class=\"x_MsoNormal\">\n<p class=\"x_MsoNormal\">\u201cFoi um balde de \u00e1gua fria, porque j\u00e1 t\u00ednhamos como fatores atenuantes dos pre\u00e7os o d\u00f3lar oscilante, o aumento do pre\u00e7o do trigo por causa da seca na Argentina e, agora, aumento do frete que impacta tanto no transporte do trigo quanto no transporte da farinha. Ou seja, uma situa\u00e7\u00e3o ainda mais dif\u00edcil para as panificadoras, que j\u00e1 trabalhavam com margens baix\u00edssimas de lucro\u201d, analisou o dirigente sindical e empres\u00e1rio, que mant\u00e9m uma padaria na Capital.<\/p>\n<p class=\"x_MsoNormal\">\n<p class=\"x_MsoNormal\">A fixa\u00e7\u00e3o do frete elevou os pre\u00e7os acima dos cobrados pelo mercado em v\u00e1rios trajetos. \u201cA nova tabela ainda n\u00e3o \u00e9 oficial, mas a maioria dos transportadores j\u00e1 come\u00e7ou a incorpora-la e repassar a alta no custo final do frete\u201d, disse Marcelo de Novaes. Diante de demonstra\u00e7\u00f5es de descontentamento do setor produtivo brasileiro, o tabelamento do pre\u00e7o do frete, proposto pelo Governo Federal para atender aos transportadores, foi judicializado.<\/p>\n<p class=\"x_MsoNormal\">\n<p class=\"x_MsoNormal\">O ministro Luiz Fux, do STF (Supremo Tribunal Federal), marcou uma audi\u00eancia p\u00fablica para o dia 27 de agosto para representantes do setor produtivo e dos caminhoneiros entrem em um acordo sobre o pre\u00e7o do frete. A CNTA (Confedera\u00e7\u00e3o Nacional dos Transportadores Aut\u00f4nomos) defende um pre\u00e7o m\u00ednimo a ser praticado, j\u00e1 a CNI (confedera\u00e7\u00e3o da ind\u00fastria) e a CNA (da agricultura) prop\u00f5em uma tabela com pre\u00e7os de refer\u00eancia.<\/p>\n<p class=\"x_MsoNormal\">\n<p class=\"x_MsoNormal\">Antes mesmo da paralisa\u00e7\u00e3o dos caminhoneiros, as empresas do setor sofriam com outro desajuste: a redu\u00e7\u00e3o da moagem do plantio de trigo no Brasil e a crise na econ\u00f4mica Argentina. \u201cMuitos produtores brasileiros tomaram a decis\u00e3o de reduzir a \u00e1rea de plantio, em raz\u00e3o das safras anteriores, que n\u00e3o apresentaram bons resultados e, somado a isso, a oscila\u00e7\u00e3o da economia na Argentina fez os produtores de l\u00e1 segurarem a farinha para provocarem aumentos dos pre\u00e7os\u201d, finalizou Marcelo Novaes.<\/p>\n","protected":false},"excerpt":{"rendered":"<p>A ind\u00fastria de panifica\u00e7\u00e3o bem que tentou segurar os pre\u00e7os, mas uma sucess\u00e3o de fatores&#8230;<\/p>\n","protected":false},"author":1,"featured_media":20755,"comment_status":"closed","ping_status":"closed","sticky":false,"template":"","format":"standard","meta":{"footnotes":""},"categories":[9],"tags":[],"class_list":["post-20754","post","type-post","status-publish","format-standard","has-post-thumbnail","hentry","category-economia"],"_links":{"self":[{"href":"https:\/\/www.corumbaonline.com.br\/news\/wp-json\/wp\/v2\/posts\/20754","targetHints":{"allow":["GET"]}}],"collection":[{"href":"https:\/\/www.corumbaonline.com.br\/news\/wp-json\/wp\/v2\/posts"}],"about":[{"href":"https:\/\/www.corumbaonline.com.br\/news\/wp-json\/wp\/v2\/types\/post"}],"author":[{"embeddable":true,"href":"https:\/\/www.corumbaonline.com.br\/news\/wp-json\/wp\/v2\/users\/1"}],"replies":[{"embeddable":true,"href":"https:\/\/www.corumbaonline.com.br\/news\/wp-json\/wp\/v2\/comments?post=20754"}],"version-history":[{"count":1,"href":"https:\/\/www.corumbaonline.com.br\/news\/wp-json\/wp\/v2\/posts\/20754\/revisions"}],"predecessor-version":[{"id":20756,"href":"https:\/\/www.corumbaonline.com.br\/news\/wp-json\/wp\/v2\/posts\/20754\/revisions\/20756"}],"wp:featuredmedia":[{"embeddable":true,"href":"https:\/\/www.corumbaonline.com.br\/news\/wp-json\/wp\/v2\/media\/20755"}],"wp:attachment":[{"href":"https:\/\/www.corumbaonline.com.br\/news\/wp-json\/wp\/v2\/media?parent=20754"}],"wp:term":[{"taxonomy":"category","embeddable":true,"href":"https:\/\/www.corumbaonline.com.br\/news\/wp-json\/wp\/v2\/categories?post=20754"},{"taxonomy":"post_tag","embeddable":true,"href":"https:\/\/www.corumbaonline.com.br\/news\/wp-json\/wp\/v2\/tags?post=20754"}],"curies":[{"name":"wp","href":"https:\/\/api.w.org\/{rel}","templated":true}]}}