{"id":20763,"date":"2018-08-03T08:30:20","date_gmt":"2018-08-03T12:30:20","guid":{"rendered":"http:\/\/www.corumbaonline.com.br\/news\/?p=20763"},"modified":"2018-08-03T09:14:05","modified_gmt":"2018-08-03T13:14:05","slug":"em-convencao-phs-decide-apoiar-candidatura-de-henrique-meirelles","status":"publish","type":"post","link":"https:\/\/www.corumbaonline.com.br\/news\/em-convencao-phs-decide-apoiar-candidatura-de-henrique-meirelles\/","title":{"rendered":"Em conven\u00e7\u00e3o, PHS decide apoiar candidatura de Henrique Meirelles"},"content":{"rendered":"<p>Durante conven\u00e7\u00e3o partid\u00e1ria realizada <span id=\"OBJ_PREFIX_DWT2566_com_zimbra_date\"><span id=\"OBJ_PREFIX_DWT2574_com_zimbra_date\">ontem <\/span><\/span>(2), em Bras\u00edlia, o Partido Humanista da Solidariedade (PHS) decidiu por aclama\u00e7\u00e3o apoiar o candidato Henrique Meirelles (MDB) na corrida pela Presid\u00eancia da Rep\u00fablica nas elei\u00e7\u00f5es presidenciais<span id=\"OBJ_PREFIX_DWT2567_com_zimbra_date\">\u00a0de outubro<\/span>\u00a0deste ano.<\/p>\n<p>O ex-ministro da Fazenda do governo de Michel Temer esteve presente na conven\u00e7\u00e3o do PHS, primeiro partido a oficializar apoio \u00e0 sua campanha.<\/p>\n<p>Presidido pelo deputado Marcelo Aro (MG), que anunciou a decis\u00e3o do partido durante a conven\u00e7\u00e3o, o PHS conta\u00a0<span id=\"OBJ_PREFIX_DWT2568_com_zimbra_date\"><span id=\"OBJ_PREFIX_DWT2575_com_zimbra_date\">hoje<\/span><\/span>\u00a0com quatro deputados federais e n\u00e3o tem representante no Senado.<\/p>\n<p>Sem candidato a vice definido, o MDB\u00a0<a href=\"http:\/\/%20http\/\/agenciabrasil.ebc.com.br\/politica\/noticia\/2018-08\/mdb-confirma-nome-de-meirelles-na-disputa-pela-presidencia\" target=\"_blank\" rel=\"noopener noreferrer\">confirmou<\/a>\u00a0<span id=\"OBJ_PREFIX_DWT2569_com_zimbra_date\"><span id=\"OBJ_PREFIX_DWT2576_com_zimbra_date\">hoje<\/span><\/span>\u00a0(2) o nome do ex-ministro da Fazenda Henrique Meirelles como candidato \u00e0 Presid\u00eancia da Rep\u00fablica.<\/p>\n","protected":false},"excerpt":{"rendered":"<p>Durante conven\u00e7\u00e3o partid\u00e1ria realizada ontem (2), em Bras\u00edlia, o Partido Humanista da Solidariedade (PHS) decidiu&#8230;<\/p>\n","protected":false},"author":1,"featured_media":0,"comment_status":"closed","ping_status":"closed","sticky":false,"template":"","format":"standard","meta":{"footnotes":""},"categories":[10],"tags":[],"class_list":["post-20763","post","type-post","status-publish","format-standard","hentry","category-educacao"],"_links":{"self":[{"href":"https:\/\/www.corumbaonline.com.br\/news\/wp-json\/wp\/v2\/posts\/20763","targetHints":{"allow":["GET"]}}],"collection":[{"href":"https:\/\/www.corumbaonline.com.br\/news\/wp-json\/wp\/v2\/posts"}],"about":[{"href":"https:\/\/www.corumbaonline.com.br\/news\/wp-json\/wp\/v2\/types\/post"}],"author":[{"embeddable":true,"href":"https:\/\/www.corumbaonline.com.br\/news\/wp-json\/wp\/v2\/users\/1"}],"replies":[{"embeddable":true,"href":"https:\/\/www.corumbaonline.com.br\/news\/wp-json\/wp\/v2\/comments?post=20763"}],"version-history":[{"count":1,"href":"https:\/\/www.corumbaonline.com.br\/news\/wp-json\/wp\/v2\/posts\/20763\/revisions"}],"predecessor-version":[{"id":20764,"href":"https:\/\/www.corumbaonline.com.br\/news\/wp-json\/wp\/v2\/posts\/20763\/revisions\/20764"}],"wp:attachment":[{"href":"https:\/\/www.corumbaonline.com.br\/news\/wp-json\/wp\/v2\/media?parent=20763"}],"wp:term":[{"taxonomy":"category","embeddable":true,"href":"https:\/\/www.corumbaonline.com.br\/news\/wp-json\/wp\/v2\/categories?post=20763"},{"taxonomy":"post_tag","embeddable":true,"href":"https:\/\/www.corumbaonline.com.br\/news\/wp-json\/wp\/v2\/tags?post=20763"}],"curies":[{"name":"wp","href":"https:\/\/api.w.org\/{rel}","templated":true}]}}