{"id":20770,"date":"2018-08-03T09:03:49","date_gmt":"2018-08-03T13:03:49","guid":{"rendered":"http:\/\/www.corumbaonline.com.br\/news\/?p=20770"},"modified":"2018-08-03T10:08:27","modified_gmt":"2018-08-03T14:08:27","slug":"repgen2018-comeca-na-proxima-terca-feira","status":"publish","type":"post","link":"https:\/\/www.corumbaonline.com.br\/news\/repgen2018-comeca-na-proxima-terca-feira\/","title":{"rendered":"Repgen2018 come\u00e7a na pr\u00f3xima ter\u00e7a-feira"},"content":{"rendered":"<p>Entre os dias 7 e 9 de agosto, o audit\u00f3rio do Sindicato Rural da capital do Mato Grosso do Sul ser\u00e1 palco da terceira edi\u00e7\u00e3o do REPGEN, evento que re\u00fane o Simp\u00f3sio de Reprodu\u00e7\u00e3o em Gado de Corte e o Workshop de Gen\u00f4mica e Melhoramento Animal. Realizado pela Embrapa e parceiros, com organiza\u00e7\u00e3o da Personal Pec, o evento contar\u00e1 com a participa\u00e7\u00e3o da pesquisadora da Embrapa Pantanal Juliana Corr\u00eaa Borges Silva Correa, que apresentar\u00e1 a palestra: &#8220;Otimizando resultados em programas de IATF por meio do uso em larga escala de s\u00eamen refrigerado&#8221;.<\/p>\n<p>Juliana explica que o assunto \u00e9 extremamente importante e um pouco pol\u00eamico, pois h\u00e1 a cren\u00e7a de que s\u00eamen refrigerado \u00e9 uma metodologia ultrapassada. &#8220;Na verdade, vamos mostrar que nossas pesquisas demonstram resultados promissores, justamente por causa da ado\u00e7\u00e3o massificada da IATF, assim podemos programar para realizar a coleta de s\u00eamen e inseminar as vacas protocoladas. L\u00f3gico que a premissa mais importante \u00e9 qual o touro que est\u00e1 sendo coletado? Frisamos que devem ser animais provados geneticamente, ou seja, touros melhoradores que deixar\u00e3o filhos de melhor qualidade. Por isso o produtor deve investir na qualidade dos touros do seu rebanho.\u00a0 Como s\u00e3o pesquisas recentes no tema em quest\u00e3o, ainda n\u00e3o temos uma log\u00edstica e dura\u00e7\u00e3o do s\u00eamen capaz de atender as centrais de insemina\u00e7\u00e3o, mas estamos em busca disso. Ou seja, queremos testar por quanto tempo o s\u00eamen refrigerado continua vi\u00e1vel e aumentando a prenhez quando comparado ao s\u00eamen congelado. O importante de ressaltar \u00e9 que muitos produtores j\u00e1 est\u00e3o adorando essa t\u00e9cnica e com sucesso&#8221;, conclui a pesquisadora.<\/p>\n<p>O Repgen 2018 pretende reunir professores, pesquisadores, estudantes e, principalmente, produtores e t\u00e9cnicos visando levar ao campo as mais novas tecnologias e seu uso no incremento da produtividade de nossos rebanhos. As inscri\u00e7\u00f5es podem ser feitas pela internet ou durante a abertura do evento.<\/p>\n<p><strong>Programa\u00e7\u00e3o<\/strong><br \/>\nNo primeiro dia ser\u00e3o realizados dois minicursos com foco nas \u00e1reas de reprodu\u00e7\u00e3o e gen\u00f4mica onde cada participante ter\u00e1 que optar pelo minicurso de interesse. No minicurso de reprodu\u00e7\u00e3o os participantes ter\u00e3o a oportunidade de adquirir conhecimentos te\u00f3rico-pr\u00e1ticos aplicados ao rebanho enquanto que o minicurso da \u00e1rea gen\u00f4mica abordar\u00e1 o uso da tecnologia de edi\u00e7\u00e3o g\u00eanica na pecu\u00e1ria, considerada um dos maiores avan\u00e7os da ci\u00eancia nos \u00faltimos anos.<\/p>\n<p>Nos dois dias seguintes, ser\u00e3o realizados o simp\u00f3sio de reprodu\u00e7\u00e3o e o workshop de gen\u00f4mica, contando com a presen\u00e7a de v\u00e1rios profissionais renomados em seus campos de atua\u00e7\u00e3o, visando promover um intenso debate acerca dos assuntos em pauta.<br \/>\n<strong>Servi\u00e7o<\/strong><br \/>\nData: 7 a 9 de agosto de 2018<br \/>\nHor\u00e1rio: 8h30 \u00e0s 18 horas<br \/>\nLocal: Sindicato Rural de Campo Grande, MS<br \/>\nInforma\u00e7\u00f5es: www.repgenms.com.br<\/p>\n","protected":false},"excerpt":{"rendered":"<p>Entre os dias 7 e 9 de agosto, o audit\u00f3rio do Sindicato Rural da capital&#8230;<\/p>\n","protected":false},"author":1,"featured_media":0,"comment_status":"closed","ping_status":"closed","sticky":false,"template":"","format":"standard","meta":{"footnotes":""},"categories":[2],"tags":[],"class_list":["post-20770","post","type-post","status-publish","format-standard","hentry","category-agropecuaria"],"_links":{"self":[{"href":"https:\/\/www.corumbaonline.com.br\/news\/wp-json\/wp\/v2\/posts\/20770","targetHints":{"allow":["GET"]}}],"collection":[{"href":"https:\/\/www.corumbaonline.com.br\/news\/wp-json\/wp\/v2\/posts"}],"about":[{"href":"https:\/\/www.corumbaonline.com.br\/news\/wp-json\/wp\/v2\/types\/post"}],"author":[{"embeddable":true,"href":"https:\/\/www.corumbaonline.com.br\/news\/wp-json\/wp\/v2\/users\/1"}],"replies":[{"embeddable":true,"href":"https:\/\/www.corumbaonline.com.br\/news\/wp-json\/wp\/v2\/comments?post=20770"}],"version-history":[{"count":1,"href":"https:\/\/www.corumbaonline.com.br\/news\/wp-json\/wp\/v2\/posts\/20770\/revisions"}],"predecessor-version":[{"id":20771,"href":"https:\/\/www.corumbaonline.com.br\/news\/wp-json\/wp\/v2\/posts\/20770\/revisions\/20771"}],"wp:attachment":[{"href":"https:\/\/www.corumbaonline.com.br\/news\/wp-json\/wp\/v2\/media?parent=20770"}],"wp:term":[{"taxonomy":"category","embeddable":true,"href":"https:\/\/www.corumbaonline.com.br\/news\/wp-json\/wp\/v2\/categories?post=20770"},{"taxonomy":"post_tag","embeddable":true,"href":"https:\/\/www.corumbaonline.com.br\/news\/wp-json\/wp\/v2\/tags?post=20770"}],"curies":[{"name":"wp","href":"https:\/\/api.w.org\/{rel}","templated":true}]}}