{"id":20777,"date":"2018-08-03T10:06:26","date_gmt":"2018-08-03T14:06:26","guid":{"rendered":"http:\/\/www.corumbaonline.com.br\/news\/?p=20777"},"modified":"2018-08-03T10:40:37","modified_gmt":"2018-08-03T14:40:37","slug":"agetrat-reforca-sinalizacao-horizontal-antes-do-reinicio-das-aulas-na-reme","status":"publish","type":"post","link":"https:\/\/www.corumbaonline.com.br\/news\/agetrat-reforca-sinalizacao-horizontal-antes-do-reinicio-das-aulas-na-reme\/","title":{"rendered":"Agetrat refor\u00e7a sinaliza\u00e7\u00e3o horizontal antes do rein\u00edcio das aulas na Reme"},"content":{"rendered":"<p>A Ag\u00eancia Municipal de Tr\u00e2nsito e Transporte (AGETRAT) est\u00e1 refor\u00e7ando a sinaliza\u00e7\u00e3o vertical em v\u00e1rios pontos da cidade. Inicialmente, o trabalho est\u00e1 sendo executado em frente \u00e0s escolas da rede Municipal e Estadual de ensino.<\/p>\n<p>&nbsp;<\/p>\n<p>Na quinta-feira, 2, a a\u00e7\u00e3o foi executada na Escola Municipal Estrelinha Verde e na Escola Estadual Jo\u00e3o Leite. \u201cTamb\u00e9m atendemos uma solicita\u00e7\u00e3o da Pol\u00edcia Civil e refizemos a pintura na frente do 1\u00ba DP\u201d, afirmou o diretor-presidente da AGETRAT, Sicard Macie de Barros.<\/p>\n<p>&nbsp;<\/p>\n<p>Nesta sexta-feira, 3, o refor\u00e7o nas faixas de pedestres e nos redutores de velocidade est\u00e1 sendo feito no Instituto Federal de Mato Grosso do Sul, na Escola Municipal Bar\u00e3o do Rio Branco e na Escola Estadual Maria Leite.<\/p>\n<p>&nbsp;<\/p>\n<p>\u201cNosso objetivo \u00e9 estender esse trabalho em todas as regi\u00f5es da cidade, mas vamos fazer isso gradativamente. Inclusive j\u00e1 solicitamos a aquisi\u00e7\u00e3o de mais tintas para executar essa a\u00e7\u00e3o\u201d, complementou o diretor-presidente da Ag\u00eancia Municipal de Tr\u00e2nsito e Transporte.<\/p>\n<p>&nbsp;<\/p>\n<p>Al\u00e9m disso, a AGETRAT tem realizado blitz educativas nos hor\u00e1rios de entrada e sa\u00edda das escolas da cidade. Na Rede Municipal de Ensino (REME) e na Rede Estadual, o segundo semestre letivo come\u00e7a nesta segunda-feira, 6 de agosto.<\/p>\n","protected":false},"excerpt":{"rendered":"<p>A Ag\u00eancia Municipal de Tr\u00e2nsito e Transporte (AGETRAT) est\u00e1 refor\u00e7ando a sinaliza\u00e7\u00e3o vertical em v\u00e1rios&#8230;<\/p>\n","protected":false},"author":1,"featured_media":20778,"comment_status":"closed","ping_status":"closed","sticky":false,"template":"","format":"standard","meta":{"footnotes":""},"categories":[8,14],"tags":[],"class_list":["post-20777","post","type-post","status-publish","format-standard","has-post-thumbnail","hentry","category-destaque","category-geral"],"_links":{"self":[{"href":"https:\/\/www.corumbaonline.com.br\/news\/wp-json\/wp\/v2\/posts\/20777","targetHints":{"allow":["GET"]}}],"collection":[{"href":"https:\/\/www.corumbaonline.com.br\/news\/wp-json\/wp\/v2\/posts"}],"about":[{"href":"https:\/\/www.corumbaonline.com.br\/news\/wp-json\/wp\/v2\/types\/post"}],"author":[{"embeddable":true,"href":"https:\/\/www.corumbaonline.com.br\/news\/wp-json\/wp\/v2\/users\/1"}],"replies":[{"embeddable":true,"href":"https:\/\/www.corumbaonline.com.br\/news\/wp-json\/wp\/v2\/comments?post=20777"}],"version-history":[{"count":3,"href":"https:\/\/www.corumbaonline.com.br\/news\/wp-json\/wp\/v2\/posts\/20777\/revisions"}],"predecessor-version":[{"id":20781,"href":"https:\/\/www.corumbaonline.com.br\/news\/wp-json\/wp\/v2\/posts\/20777\/revisions\/20781"}],"wp:featuredmedia":[{"embeddable":true,"href":"https:\/\/www.corumbaonline.com.br\/news\/wp-json\/wp\/v2\/media\/20778"}],"wp:attachment":[{"href":"https:\/\/www.corumbaonline.com.br\/news\/wp-json\/wp\/v2\/media?parent=20777"}],"wp:term":[{"taxonomy":"category","embeddable":true,"href":"https:\/\/www.corumbaonline.com.br\/news\/wp-json\/wp\/v2\/categories?post=20777"},{"taxonomy":"post_tag","embeddable":true,"href":"https:\/\/www.corumbaonline.com.br\/news\/wp-json\/wp\/v2\/tags?post=20777"}],"curies":[{"name":"wp","href":"https:\/\/api.w.org\/{rel}","templated":true}]}}