{"id":20786,"date":"2018-08-03T10:46:42","date_gmt":"2018-08-03T14:46:42","guid":{"rendered":"http:\/\/www.corumbaonline.com.br\/news\/?p=20786"},"modified":"2018-08-03T11:15:16","modified_gmt":"2018-08-03T15:15:16","slug":"equipe-da-forca-tatica-prende-idoso-acusado-de-estupro-de-vulneravel","status":"publish","type":"post","link":"https:\/\/www.corumbaonline.com.br\/news\/equipe-da-forca-tatica-prende-idoso-acusado-de-estupro-de-vulneravel\/","title":{"rendered":"Equipe da For\u00e7a T\u00e1tica prende idoso acusado de estupro de vulner\u00e1vel"},"content":{"rendered":"<p>Na tarde desta quinta-feira, 02 de agosto, a equipe de For\u00e7a T\u00e1tica da Pol\u00edcia Militar prendeu um idoso de 71 anos acusado de estupro de vulner\u00e1vel no bairro Nova Corumb\u00e1, na parte alta da cidade.<\/p>\n<p>Os policiais foram acionados por volta de 15h45 e ao chegar ao local o causado j\u00e1 estava contido por populares. Testemunhas relataram que j\u00e1 desconfiavam de algumas atitudes do idoso, pois havia um menor que sempre ia a sua resid\u00eancia na desculpa de limpar quintal e sempre demorava a sair de l\u00e1.<\/p>\n<p>Ele foi flagrado quando um cobrador chegou a porta de sua casa e desconfiou que havia algo de errado pela demora em ser atendido, ent\u00e3o se aproximou da porta \u00a0e viu o idoso arrumando as cal\u00e7as.<\/p>\n<p>O cobrador ent\u00e3o, depois de atendido, foi at\u00e9 um local que desse maior visibilidade para que pudesse olhar dentro do im\u00f3vel, quando presenciou o momento em que o autor tirou seu \u00f3rg\u00e3o genital para fora da cal\u00e7a, fazendo com que a crian\u00e7a praticasse sexo oral.<\/p>\n<p>Nesse momento a testemunha acionou os vizinhos, onde ocorreu a tentativa de linchamento, e a crian\u00e7a de cinco anos assustada correu para a casa de seus familiares, relatando que n\u00e3o era a primeira vez que acontecia.<\/p>\n<p>Diante dos fatos, autor foi detido e encaminhado para a delegacia de atendimento \u00e0 inf\u00e2ncia, juventude e idoso de Corumb\u00e1 (DAIJ), para provid\u00eancias cab\u00edveis.<\/p>\n","protected":false},"excerpt":{"rendered":"<p>Na tarde desta quinta-feira, 02 de agosto, a equipe de For\u00e7a T\u00e1tica da Pol\u00edcia Militar&#8230;<\/p>\n","protected":false},"author":1,"featured_media":0,"comment_status":"closed","ping_status":"closed","sticky":false,"template":"","format":"standard","meta":{"footnotes":""},"categories":[18],"tags":[],"class_list":["post-20786","post","type-post","status-publish","format-standard","hentry","category-seguranca"],"_links":{"self":[{"href":"https:\/\/www.corumbaonline.com.br\/news\/wp-json\/wp\/v2\/posts\/20786","targetHints":{"allow":["GET"]}}],"collection":[{"href":"https:\/\/www.corumbaonline.com.br\/news\/wp-json\/wp\/v2\/posts"}],"about":[{"href":"https:\/\/www.corumbaonline.com.br\/news\/wp-json\/wp\/v2\/types\/post"}],"author":[{"embeddable":true,"href":"https:\/\/www.corumbaonline.com.br\/news\/wp-json\/wp\/v2\/users\/1"}],"replies":[{"embeddable":true,"href":"https:\/\/www.corumbaonline.com.br\/news\/wp-json\/wp\/v2\/comments?post=20786"}],"version-history":[{"count":1,"href":"https:\/\/www.corumbaonline.com.br\/news\/wp-json\/wp\/v2\/posts\/20786\/revisions"}],"predecessor-version":[{"id":20787,"href":"https:\/\/www.corumbaonline.com.br\/news\/wp-json\/wp\/v2\/posts\/20786\/revisions\/20787"}],"wp:attachment":[{"href":"https:\/\/www.corumbaonline.com.br\/news\/wp-json\/wp\/v2\/media?parent=20786"}],"wp:term":[{"taxonomy":"category","embeddable":true,"href":"https:\/\/www.corumbaonline.com.br\/news\/wp-json\/wp\/v2\/categories?post=20786"},{"taxonomy":"post_tag","embeddable":true,"href":"https:\/\/www.corumbaonline.com.br\/news\/wp-json\/wp\/v2\/tags?post=20786"}],"curies":[{"name":"wp","href":"https:\/\/api.w.org\/{rel}","templated":true}]}}