{"id":20793,"date":"2018-08-03T11:37:39","date_gmt":"2018-08-03T15:37:39","guid":{"rendered":"http:\/\/www.corumbaonline.com.br\/news\/?p=20793"},"modified":"2018-08-03T12:14:12","modified_gmt":"2018-08-03T16:14:12","slug":"audiencia-publica-sobre-migracao-haitiana-acontece-nesta-tarde-em-corumba","status":"publish","type":"post","link":"https:\/\/www.corumbaonline.com.br\/news\/audiencia-publica-sobre-migracao-haitiana-acontece-nesta-tarde-em-corumba\/","title":{"rendered":"Audi\u00eancia p\u00fablica sobre migra\u00e7\u00e3o haitiana acontece nesta tarde em Corumb\u00e1"},"content":{"rendered":"<p>Na tarde desta sexta-feira, 03 de agosto o Minist\u00e9rio P\u00fablico Federal (MPF) em Corumb\u00e1 (MS) promover\u00e1 audi\u00eancia p\u00fablica para debater a situa\u00e7\u00e3o dos imigrantes haitianos no munic\u00edpio. O evento ser\u00e1 realizado no audit\u00f3rio da unidade III do campus Pantanal da Universidade Federal de Mato Grosso do Sul (UFMS), a partir das 14h30, e reunir\u00e1 autoridades p\u00fablicas, representantes da sociedade civil organizada e imigrantes haitianos.<\/p>\n<p>Na oportunidade, ser\u00e1 debatida a presta\u00e7\u00e3o de servi\u00e7os relacionados \u00e0 garantia de estrutura para abrigamento, assist\u00eancia social, trabalho, sa\u00fade e educa\u00e7\u00e3o aos haitianos, al\u00e9m de direitos especificados pela Lei de Migra\u00e7\u00e3o. A audi\u00eancia ser\u00e1 aberta ao p\u00fablico, sob a presid\u00eancia da procuradora da Rep\u00fablica Maria Ol\u00edvia Pessoni Junqueira.<\/p>\n<p>O evento tem como objetivos ouvir as indaga\u00e7\u00f5es e demandas dos imigrantes haitianos e da sociedade civil organizada que lhes tem prestado apoio; definir estrat\u00e9gias para a implementa\u00e7\u00e3o de pol\u00edticas p\u00fablicas nas esferas federal, estadual e municipal, articulando, ao mesmo tempo, uma rede de prote\u00e7\u00e3o aos seus direitos; e oportunizar aos agentes estatais competentes apresentar as a\u00e7\u00f5es realizadas para o alcance da aplicabilidade da Constitui\u00e7\u00e3o Federal e da Lei de Migra\u00e7\u00e3o, exigindo a ado\u00e7\u00e3o das medidas de sua compet\u00eancia para viabilizar a concretiza\u00e7\u00e3o e o exerc\u00edcio de direitos fundamentais.<\/p>\n","protected":false},"excerpt":{"rendered":"<p>Na tarde desta sexta-feira, 03 de agosto o Minist\u00e9rio P\u00fablico Federal (MPF) em Corumb\u00e1 (MS)&#8230;<\/p>\n","protected":false},"author":1,"featured_media":0,"comment_status":"closed","ping_status":"closed","sticky":false,"template":"","format":"standard","meta":{"footnotes":""},"categories":[14],"tags":[],"class_list":["post-20793","post","type-post","status-publish","format-standard","hentry","category-geral"],"_links":{"self":[{"href":"https:\/\/www.corumbaonline.com.br\/news\/wp-json\/wp\/v2\/posts\/20793","targetHints":{"allow":["GET"]}}],"collection":[{"href":"https:\/\/www.corumbaonline.com.br\/news\/wp-json\/wp\/v2\/posts"}],"about":[{"href":"https:\/\/www.corumbaonline.com.br\/news\/wp-json\/wp\/v2\/types\/post"}],"author":[{"embeddable":true,"href":"https:\/\/www.corumbaonline.com.br\/news\/wp-json\/wp\/v2\/users\/1"}],"replies":[{"embeddable":true,"href":"https:\/\/www.corumbaonline.com.br\/news\/wp-json\/wp\/v2\/comments?post=20793"}],"version-history":[{"count":1,"href":"https:\/\/www.corumbaonline.com.br\/news\/wp-json\/wp\/v2\/posts\/20793\/revisions"}],"predecessor-version":[{"id":20797,"href":"https:\/\/www.corumbaonline.com.br\/news\/wp-json\/wp\/v2\/posts\/20793\/revisions\/20797"}],"wp:attachment":[{"href":"https:\/\/www.corumbaonline.com.br\/news\/wp-json\/wp\/v2\/media?parent=20793"}],"wp:term":[{"taxonomy":"category","embeddable":true,"href":"https:\/\/www.corumbaonline.com.br\/news\/wp-json\/wp\/v2\/categories?post=20793"},{"taxonomy":"post_tag","embeddable":true,"href":"https:\/\/www.corumbaonline.com.br\/news\/wp-json\/wp\/v2\/tags?post=20793"}],"curies":[{"name":"wp","href":"https:\/\/api.w.org\/{rel}","templated":true}]}}