{"id":20798,"date":"2018-08-03T11:45:20","date_gmt":"2018-08-03T15:45:20","guid":{"rendered":"http:\/\/www.corumbaonline.com.br\/news\/?p=20798"},"modified":"2018-08-03T12:34:05","modified_gmt":"2018-08-03T16:34:05","slug":"policia-civil-de-ladario-prende-acusado-de-participacao-em-assaltos","status":"publish","type":"post","link":"https:\/\/www.corumbaonline.com.br\/news\/policia-civil-de-ladario-prende-acusado-de-participacao-em-assaltos\/","title":{"rendered":"Pol\u00edcia Civil de Lad\u00e1rio prende acusado de participa\u00e7\u00e3o em assaltos"},"content":{"rendered":"<p>Na tarde desta quinta-feira (02) policiais civis de Lad\u00e1rio cumpriram mandado de pris\u00e3o expedido pela 1\u00aa Vara Criminal contra Lu\u00eds Roberto Rios de Souza Filho, de 19 anos, no conjunto Ernesto Sassida. Ele \u00e9 acusado de envolvimento em um assalto ocorrido na manh\u00e3 do dia 18 de julho, na rua Nossa Senhora dos Navegantes, no bairro Santo Ant\u00f4nio, em Lad\u00e1rio.<\/p>\n<p>Informa\u00e7\u00f5es da Pol\u00edcia Civil s\u00e3o de que juntamente com um adolescente, Lu\u00eds subtraiu, um aparelho celular de uma mulher. Segundo consta nos autos a v\u00edtima encontrava-se caminhando em dire\u00e7\u00e3o a sua resid\u00eancia quando foi abordada pelos autores, que estavam cada um em uma bicicleta, e anunciaram a assalto, dizendo \u201cpassa, passa o celular\u201d. Em seguida fugiram. Os Policiais Civis recuperaram o aparelho celular, bem como conduziram o adolescente infrator e receptadores do aparelho celular para esclarecimentos.<\/p>\n<p>Em continuidade \u00e1s investiga\u00e7\u00f5es, a autoridade policial representara pela pris\u00e3o preventiva de Lu\u00eds Roberto devido \u00e0 pr\u00e1tica do roubo em quest\u00e3o.<\/p>\n<p>Lu\u00eds ainda \u00e9 suspeito de outros atos il\u00edcitos j\u00e1 que fora reconhecido por uma outra v\u00edtima da qual teria subtra\u00eddo o aparelho celular de posse de uma arma de fogo.<\/p>\n<p>Ele foi interrogado acerca dos dois recentes roubos e conduzido at\u00e9 a carceragem da 1\u00aa Delegacia de Pol\u00edcia Civil.<\/p>\n","protected":false},"excerpt":{"rendered":"<p>Na tarde desta quinta-feira (02) policiais civis de Lad\u00e1rio cumpriram mandado de pris\u00e3o expedido pela&#8230;<\/p>\n","protected":false},"author":1,"featured_media":20799,"comment_status":"closed","ping_status":"closed","sticky":false,"template":"","format":"standard","meta":{"footnotes":""},"categories":[18],"tags":[],"class_list":["post-20798","post","type-post","status-publish","format-standard","has-post-thumbnail","hentry","category-seguranca"],"_links":{"self":[{"href":"https:\/\/www.corumbaonline.com.br\/news\/wp-json\/wp\/v2\/posts\/20798","targetHints":{"allow":["GET"]}}],"collection":[{"href":"https:\/\/www.corumbaonline.com.br\/news\/wp-json\/wp\/v2\/posts"}],"about":[{"href":"https:\/\/www.corumbaonline.com.br\/news\/wp-json\/wp\/v2\/types\/post"}],"author":[{"embeddable":true,"href":"https:\/\/www.corumbaonline.com.br\/news\/wp-json\/wp\/v2\/users\/1"}],"replies":[{"embeddable":true,"href":"https:\/\/www.corumbaonline.com.br\/news\/wp-json\/wp\/v2\/comments?post=20798"}],"version-history":[{"count":1,"href":"https:\/\/www.corumbaonline.com.br\/news\/wp-json\/wp\/v2\/posts\/20798\/revisions"}],"predecessor-version":[{"id":20800,"href":"https:\/\/www.corumbaonline.com.br\/news\/wp-json\/wp\/v2\/posts\/20798\/revisions\/20800"}],"wp:featuredmedia":[{"embeddable":true,"href":"https:\/\/www.corumbaonline.com.br\/news\/wp-json\/wp\/v2\/media\/20799"}],"wp:attachment":[{"href":"https:\/\/www.corumbaonline.com.br\/news\/wp-json\/wp\/v2\/media?parent=20798"}],"wp:term":[{"taxonomy":"category","embeddable":true,"href":"https:\/\/www.corumbaonline.com.br\/news\/wp-json\/wp\/v2\/categories?post=20798"},{"taxonomy":"post_tag","embeddable":true,"href":"https:\/\/www.corumbaonline.com.br\/news\/wp-json\/wp\/v2\/tags?post=20798"}],"curies":[{"name":"wp","href":"https:\/\/api.w.org\/{rel}","templated":true}]}}