{"id":20805,"date":"2018-08-03T13:19:54","date_gmt":"2018-08-03T17:19:54","guid":{"rendered":"http:\/\/www.corumbaonline.com.br\/news\/?p=20805"},"modified":"2018-08-03T13:08:30","modified_gmt":"2018-08-03T17:08:30","slug":"pdt-diz-fazer-pesquisas-para-definir-vice-de-juiz-odilon-ate-sabado","status":"publish","type":"post","link":"https:\/\/www.corumbaonline.com.br\/news\/pdt-diz-fazer-pesquisas-para-definir-vice-de-juiz-odilon-ate-sabado\/","title":{"rendered":"PDT diz fazer pesquisas para definir vice de Juiz Odilon at\u00e9 s\u00e1bado"},"content":{"rendered":"<p>Apesar de membros do PROS passarem boa parte da manh\u00e3 desta sexta-feira (3) no diret\u00f3rio do\u00a0PDT em Campo Grande, o deputado federal Dagoberto Nogueira afirmou que o partido deve decidir em conjunto e somente neste s\u00e1bado (4) o nome para o vice do Juiz Odilon.<\/p>\n<p>\u201cEstamos fazendo at\u00e9 mesmo pesquisas por telefone para saber quem agrega na composi\u00e7\u00e3o. Isso n\u00f3s vamos levar amanh\u00e3 \u00e0 reuni\u00e3o e decidir todo mundo junto\u201d.<\/p>\n<p>Segundo Dagoberto, h\u00e1 indica\u00e7\u00e3o da Keliana (PROS), Chico Maia (Podemos) e do pr\u00f3prio PDT, com Herbert Assun\u00e7\u00e3o.<\/p>\n<p>\u201cTodos eles s\u00e3o poss\u00edveis pr\u00e9-candidatos a vice, com nomes sugeridos pelos partidos e amanh\u00e3 vamos decidir. Vai ficar o que for melhor para o Odilon ganhar a elei\u00e7\u00e3o\u201d, disse.<\/p>\n<p>Sobre a reuni\u00e3o com o PROS, o deputado afirmou que a discuss\u00e3o era sobre a composi\u00e7\u00e3o das chapas de deputados federais e estaduais, somente.<\/p>\n","protected":false},"excerpt":{"rendered":"<p>Apesar de membros do PROS passarem boa parte da manh\u00e3 desta sexta-feira (3) no diret\u00f3rio&#8230;<\/p>\n","protected":false},"author":1,"featured_media":0,"comment_status":"closed","ping_status":"closed","sticky":false,"template":"","format":"standard","meta":{"footnotes":""},"categories":[101,19],"tags":[],"class_list":["post-20805","post","type-post","status-publish","format-standard","hentry","category-eleicoes","category-politica"],"_links":{"self":[{"href":"https:\/\/www.corumbaonline.com.br\/news\/wp-json\/wp\/v2\/posts\/20805","targetHints":{"allow":["GET"]}}],"collection":[{"href":"https:\/\/www.corumbaonline.com.br\/news\/wp-json\/wp\/v2\/posts"}],"about":[{"href":"https:\/\/www.corumbaonline.com.br\/news\/wp-json\/wp\/v2\/types\/post"}],"author":[{"embeddable":true,"href":"https:\/\/www.corumbaonline.com.br\/news\/wp-json\/wp\/v2\/users\/1"}],"replies":[{"embeddable":true,"href":"https:\/\/www.corumbaonline.com.br\/news\/wp-json\/wp\/v2\/comments?post=20805"}],"version-history":[{"count":1,"href":"https:\/\/www.corumbaonline.com.br\/news\/wp-json\/wp\/v2\/posts\/20805\/revisions"}],"predecessor-version":[{"id":20806,"href":"https:\/\/www.corumbaonline.com.br\/news\/wp-json\/wp\/v2\/posts\/20805\/revisions\/20806"}],"wp:attachment":[{"href":"https:\/\/www.corumbaonline.com.br\/news\/wp-json\/wp\/v2\/media?parent=20805"}],"wp:term":[{"taxonomy":"category","embeddable":true,"href":"https:\/\/www.corumbaonline.com.br\/news\/wp-json\/wp\/v2\/categories?post=20805"},{"taxonomy":"post_tag","embeddable":true,"href":"https:\/\/www.corumbaonline.com.br\/news\/wp-json\/wp\/v2\/tags?post=20805"}],"curies":[{"name":"wp","href":"https:\/\/api.w.org\/{rel}","templated":true}]}}