{"id":20808,"date":"2018-08-05T08:30:47","date_gmt":"2018-08-05T12:30:47","guid":{"rendered":"http:\/\/www.corumbaonline.com.br\/news\/?p=20808"},"modified":"2018-08-05T08:23:49","modified_gmt":"2018-08-05T12:23:49","slug":"partidos-ja-escolheram-13-candidatos-a-presidente-veja-quem-sao","status":"publish","type":"post","link":"https:\/\/www.corumbaonline.com.br\/news\/partidos-ja-escolheram-13-candidatos-a-presidente-veja-quem-sao\/","title":{"rendered":"Partidos j\u00e1 escolheram 13 candidatos a presidente; veja quem s\u00e3o"},"content":{"rendered":"<p>O prazo para realiza\u00e7\u00e3o de conven\u00e7\u00f5es partid\u00e1rias termina neste\u00a0domingo\u00a0(5). Segundo a legisla\u00e7\u00e3o eleitoral, as chapas completas com os candidatos, vices, alian\u00e7as ou coliga\u00e7\u00f5es t\u00eam de ser oficializadas at\u00e9 a pr\u00f3xima\u00a0segunda-feira (6). Neste\u00a0s\u00e1bado\u00a0(4), Patriota, Podemos, Partido Novo, PT, PSDB e Rede confirmaram seus candidatos \u00e0 Presid\u00eancia da Rep\u00fablica nas elei\u00e7\u00f5es de 2018.<\/p>\n<p><strong>Veja os candidatos confirmados at\u00e9 agora:<br \/>\n<\/strong><\/p>\n<p><strong>\u00c1lvaro Dias (Podemos)\u00a0<\/strong><\/p>\n<p>O senador \u00c1lvaro Dias foi escolhido pelos convencionais do Podemos para ser candidato \u00e0 Presid\u00eancia da Rep\u00fablica. A candidatura do parlamentar pelo Paran\u00e1 foi oficializada em Curitiba, durante conven\u00e7\u00e3o nacional do partido. Na primeira fala como candidato, \u00c1lvaro Dias anunciou que, se eleito, vai convidar o juiz federal S\u00e9rgio Moro para ser ministro da Justi\u00e7a, e repetiu a promessa de \u201crefundar a Rep\u00fablica\u201d.<\/p>\n<p>Ele vai compor chapa com o ex-presidente do Banco Nacional de Desenvolvimento Econ\u00f4mico e Social (BNDES), Paulo Rabello de Castro, cujo partido, o PSC, havia decidido lan\u00e7ar candidatura pr\u00f3pria \u00e0 Presid\u00eancia, mas desistiu em favor de uma alian\u00e7a com o Podemos. Al\u00e9m do PSC, fazem parte da coliga\u00e7\u00e3o at\u00e9 agora os partidos PTC e PRP.<\/p>\n<div class=\"dnd-widget-wrapper context-cheio_8colunas type-image\">\n<div class=\"dnd-atom-rendered\">\n<figure class=\"mejs-fotoh-wrapper\">\n<p><figure style=\"width: 754px\" class=\"wp-caption alignnone\"><img loading=\"lazy\" decoding=\"async\" class=\"img-responsive full full\" title=\"Podemos\/Direitos reservados\/Ag\u00eancia Brasil\" src=\"http:\/\/imagens.ebc.com.br\/m1PeIVeq8cQFpzU88m4GwmdowaQ=\/754x0\/smart\/http:\/\/agenciabrasil.ebc.com.br\/sites\/default\/files\/thumbnails\/image\/podemos.jpeg?itok=t180wWA9\" alt=\"Podemos confirma \u00c1lvaro Dias como candidato a presidente da Rep\u00fablica, nas elei\u00e7\u00f5es de 2018\" width=\"754\" height=\"359\" \/><figcaption class=\"wp-caption-text\">Podemos confirma \u00c1lvaro Dias (de camisa azul) como candidato a presidente da Rep\u00fablica, nas elei\u00e7\u00f5es de 2018 &#8211; Podemos\/Direitos reservados<\/figcaption><\/figure><\/figure>\n<\/div>\n<\/div>\n<p><strong>Cabo Daciolo (Patriota)<\/strong><\/p>\n<p>A conven\u00e7\u00e3o nacional do Patriota oficializou a candidatura do deputado federal Benevenuto Daciolo Fonseca dos Santos, o Cabo Daciolo. O evento ocorreu no munic\u00edpio de Barrinha, no interior de S\u00e3o Paulo. O candidato foi escolhido por unanimidade. A candidata a vice escolhida foi Suelene Balduino Nascimento, do mesmo partido. Ela \u00e9 pedagoga com 23 anos de experi\u00eancia e atua na rede p\u00fablica de ensino do Distrito Federal.<\/p>\n<p>Daciolo defende mais investimentos em educa\u00e7\u00e3o e seguran\u00e7a por considerar \u00e1reas essenciais para o crescimento do pa\u00eds. Em discurso durante a conven\u00e7\u00e3o, Daciolo se posicionou contr\u00e1rio \u00e0 legaliza\u00e7\u00e3o do aborto e \u00e0 ideologia de g\u00eanero.<\/p>\n<div class=\"dnd-widget-wrapper context-cheio_8colunas type-image\">\n<div class=\"dnd-atom-rendered\">\n<figure class=\"mejs-fotoh-wrapper\">\n<p><figure style=\"width: 754px\" class=\"wp-caption alignnone\"><img loading=\"lazy\" decoding=\"async\" class=\"img-responsive full full\" title=\"Zeca Ribeiro\/C\u00e2mara dos Deputad\/Ag\u00eancia Brasil\" src=\"http:\/\/imagens.ebc.com.br\/064-SY3yZIBLHC3S9FQ1_aYZhwc=\/754x0\/smart\/http:\/\/agenciabrasil.ebc.com.br\/sites\/default\/files\/thumbnails\/image\/cabo_daciolo.jpg?itok=GNnCV4wz\" alt=\"Cabo Daciolo \u00e9 confirmado como candidato do Patriota nas elei\u00e7\u00f5es 2018\" width=\"754\" height=\"494\" \/><figcaption class=\"wp-caption-text\">Cabo Daciolo \u00e9 confirmado como candidato do Patriota nas elei\u00e7\u00f5es 2018 &#8211; Zeca Ribeiro\/C\u00e2mara dos Deputados<\/figcaption><\/figure><\/figure>\n<\/div>\n<\/div>\n<p><strong>Ciro Gomes (PDT)<\/strong><\/p>\n<p>O PDT confirmou no dia 20 de julho\u00a0a candidatura de Ciro Gomes \u00e0 Presid\u00eancia da Rep\u00fablica, na conven\u00e7\u00e3o nacional que reuniu filiados do partido.<\/p>\n<p>O partido ainda\u00a0n\u00e3o definiu o candidato a vice-presidente.\u00a0Esta \u00e9 a terceira vez que Ciro Gomes ser\u00e1 candidato \u00e0 Presid\u00eancia da Rep\u00fablica: em 1998 e 2002, ele concorreu pelo PPS. Natural de Pindamonhangaba (SP), construiu sua carreira pol\u00edtica no Cear\u00e1, onde foi prefeito de Fortaleza, eleito em 1988, e governador do estado, eleito em 1990. Renunciou ao cargo de governador, em 1994, para assumir o Minist\u00e9rio da Fazenda, no governo Itamar Franco (1992-1994), por indica\u00e7\u00e3o do PSDB, seu partido na \u00e9poca. Ciro Gomes foi ministro da Integra\u00e7\u00e3o Nacional de 2003 a 2006, no governo do ex-presidente Lula. Tem 60 anos e quatro filhos.<\/p>\n<div class=\"dnd-widget-wrapper context-cheio_8colunas type-image\">\n<div class=\"dnd-atom-rendered\">\n<figure class=\"mejs-fotoh-wrapper\">\n<p><figure style=\"width: 754px\" class=\"wp-caption alignnone\"><img loading=\"lazy\" decoding=\"async\" class=\"img-responsive full full\" title=\"Marcelo Camargo\/Ag\u00eancia Brasil\/Ag\u00eancia Brasil\" src=\"http:\/\/imagens.ebc.com.br\/VNC4CRF_ZJw6uuUAO2R1ui86LJ0=\/754x0\/smart\/http:\/\/agenciabrasil.ebc.com.br\/sites\/default\/files\/thumbnails\/image\/mcmgo_abr_2007182103.jpg?itok=fC_xgiLV\" alt=\"Bras\u00edlia: PDT confirma Ciro Gomes como candidato \u00e0 Presid\u00eancia da Rep\u00fablica em  conven\u00e7\u00e3o nacional que reuniu filiados do partido. (Foto: Marcelo Camargo\/Ag\u00eancia Brasil)\" width=\"754\" height=\"503\" \/><figcaption class=\"wp-caption-text\">PDT confirma Ciro Gomes como candidato \u00e0 Presid\u00eancia da Rep\u00fablica em conven\u00e7\u00e3o nacional &#8211; Marcelo Camargo\/Ag\u00eancia Brasil<\/figcaption><\/figure><\/figure>\n<\/div>\n<\/div>\n<p><strong>Geraldo Alckmin (PSDB)<\/strong><\/p>\n<p>Em conven\u00e7\u00e3o nacional realizada na capital federal, o PSDB confirmou a candidatura do presidente do partido e ex-governador de S\u00e3o Paulo, Geraldo Alckmin, \u00e0 Presid\u00eancia da Rep\u00fablica nas elei\u00e7\u00f5es\u00a0de outubro. Dos 290 votantes, 288 aprovaram a candidatura de Alckmin. Houve um voto contra e uma absten\u00e7\u00e3o. A senadora Ana Am\u00e9lia (PP-RS) \u00e9 a vice na chapa.<\/p>\n<p>No primeiro discurso como candidato, Alckmin disse que quer ser presidente para unir o pa\u00eds e recuperar a &#8220;dignidade roubada&#8221; dos brasileiros. Ele defendeu a reforma pol\u00edtica, a diminui\u00e7\u00e3o do tamanho do Estado e a simplifica\u00e7\u00e3o tribut\u00e1ria para destravar a economia.<\/p>\n<p>&nbsp;<\/p>\n<div class=\"dnd-widget-wrapper context-cheio_8colunas type-image\">\n<div class=\"dnd-atom-rendered\">\n<figure class=\"mejs-fotoh-wrapper\">\n<p><figure style=\"width: 754px\" class=\"wp-caption alignnone\"><img loading=\"lazy\" decoding=\"async\" class=\"img-responsive full full\" title=\"Jos\u00e9 Cruz\/Ag\u00eancia Brasil\/Ag\u00eancia Brasil\" src=\"http:\/\/imagens.ebc.com.br\/jORu7cvEZlYHtB5TukEoYBxJxDI=\/754x0\/smart\/http:\/\/agenciabrasil.ebc.com.br\/sites\/default\/files\/thumbnails\/image\/jfcrz_abr20180804_1282.jpg?itok=FGJauuM8\" alt=\"Conven\u00e7\u00e3o Nacional do PSDB, em Bras\u00edlia, lan\u00e7a Geraldo Alckmin como seu candidato \u00e0 Presid\u00eancia da Rep\u00fablica.\" width=\"754\" height=\"503\" \/><figcaption class=\"wp-caption-text\">Conven\u00e7\u00e3o Nacional do PSDB, em Bras\u00edlia, lan\u00e7a Geraldo Alckmin como seu candidato \u00e0 Presid\u00eancia da Rep\u00fablica &#8211; Jos\u00e9 Cruz\/Ag\u00eancia Brasil<\/figcaption><\/figure><\/figure>\n<\/div>\n<\/div>\n<p><strong>Guilherme Boulos (PSOL)<\/strong><\/p>\n<p>O coordenador nacional do Movimento dos Trabalhadores SemTeto (MTST), Guilherme Boulos, foi lan\u00e7ado no dia 21 de julho como\u00a0candidato \u00e0 Presid\u00eancia da Rep\u00fablica pelo PSOL, na conven\u00e7\u00e3o nacional em S\u00e3o Paulo. Tamb\u00e9m foi homologado o nome de S\u00f4nia Guajajara, representante do povo ind\u00edgena, para vice-presidente.<\/p>\n<p>Boulos destacou que ir\u00e1 defender temas que pertencem aos princ\u00edpios do partido, como o direito ao aborto e \u00e0 desmilitariza\u00e7\u00e3o da pol\u00edcia.<\/p>\n<div class=\"dnd-widget-wrapper context-cheio_8colunas type-image\">\n<div class=\"dnd-atom-rendered\">\n<figure class=\"mejs-fotoh-wrapper\">\n<p><figure style=\"width: 754px\" class=\"wp-caption alignnone\"><img loading=\"lazy\" decoding=\"async\" class=\"img-responsive full full\" title=\"Rovena Rosa\/Ag\u00eancia Brasil\/Ag\u00eancia Brasil\" src=\"http:\/\/imagens.ebc.com.br\/uLm4B_tKUydk8Z-1n-fjZt0zhGw=\/754x0\/smart\/http:\/\/agenciabrasil.ebc.com.br\/sites\/default\/files\/thumbnails\/image\/rvrsa_abr20120629_1219.jpg?itok=zzmUDqML\" alt=\"O  PSOL confirmou a candidatura de Guilherme Boulos \u00e0 Presid\u00eancia da Rep\u00fablica, na conven\u00e7\u00e3o nacional que reuniu filiados do partido\" width=\"754\" height=\"502\" \/><figcaption class=\"wp-caption-text\">O PSOL confirmou a candidatura de Guilherme Boulos \u00e0 Presid\u00eancia da Rep\u00fablica, na conven\u00e7\u00e3o nacional que reuniu filiados do partido &#8211; Rovena Rosa\/Ag\u00eancia Brasil<\/figcaption><\/figure><\/figure>\n<\/div>\n<\/div>\n<p><strong>Henrique Meirelles (MDB)<\/strong><\/p>\n<p>O MDB confirmou no dia 2 de agosto\u00a0o nome do ex-ministro da Fazenda Henrique Meirelles como candidato \u00e0 Presid\u00eancia da Rep\u00fablica. Hoje, o partido informou que Germano Rigotto, ex-governador do Rio Grande do Sul, ser\u00e1 o vice na chapa.<\/p>\n<p>Henrique Meirelles\u00a0destacou\u00a0como prioridades investimentos em\u00a0infraestrutura, para diminuir as dist\u00e2ncias no pa\u00eds,\u00a0al\u00e9m de\u00a0sa\u00fade\u00a0e\u00a0seguran\u00e7a p\u00fablica.\u00a0O presidenci\u00e1vel tamb\u00e9m prometeu refor\u00e7ar o\u00a0Bolsa Fam\u00edlia.\u00a0Para gerar empregos, Meirelles disse que pretende\u00a0resgatar a pol\u00edtica econ\u00f4mica,\u00a0atrair investimentos e fazer as reformas para que o pa\u00eds cres\u00e7a 4% ao ano.<\/p>\n<div class=\"dnd-widget-wrapper context-cheio_8colunas type-image\">\n<div class=\"dnd-atom-rendered\">\n<figure class=\"mejs-fotoh-wrapper\">\n<p><figure style=\"width: 754px\" class=\"wp-caption alignnone\"><img loading=\"lazy\" decoding=\"async\" class=\"img-responsive full full\" title=\"Antonio Cruz\/Ag\u00eancia Brasil\/Ag\u00eancia Brasil\" src=\"http:\/\/imagens.ebc.com.br\/69SohFMhir4EEsjP2LqSgZ397do=\/754x0\/smart\/http:\/\/agenciabrasil.ebc.com.br\/sites\/default\/files\/thumbnails\/image\/antcrz_abr_0208182659df.jpg?itok=6qyFmm8O\" alt=\"O ex-ministro Henrique Meirelles durante conven\u00e7\u00e3o Nacional do MDB em Bras\u00edlia.\" width=\"754\" height=\"503\" \/><figcaption class=\"wp-caption-text\">Conven\u00e7\u00e3o Nacional do MDB confirmou candidatura de Henrique Meirelles &#8211; Antonio Cruz\/Ag\u00eancia Brasil<\/figcaption><\/figure><\/figure>\n<\/div>\n<\/div>\n<p><strong>Jair Bolsonaro (PSL)<\/strong><\/p>\n<p>O deputado federal Jair Bolsonaro (PSL-RJ), 63 anos, foi confirmado no dia 22 de julho\u00a0como o candidato \u00e0 Presid\u00eancia da Rep\u00fablica nas elei\u00e7\u00f5es deste ano pelo PSL. A chapa ainda n\u00e3o tem vice.<\/p>\n<p>Na conven\u00e7\u00e3o, Bolsonaro adiantou que, se eleito, quer excluir o minist\u00e9rio das Cidades e fundir pastas como Fazenda e Planejamento, assim como Agricultura e Meio Ambiente.<\/p>\n<p>O candidato prometeu ainda privatizar estatais.<\/p>\n<div class=\"dnd-widget-wrapper context-cheio_8colunas type-image\">\n<div class=\"dnd-atom-rendered\">\n<figure class=\"mejs-fotoh-wrapper\">\n<p><figure style=\"width: 754px\" class=\"wp-caption alignnone\"><img loading=\"lazy\" decoding=\"async\" class=\"img-responsive full full\" title=\"Fernando Fraz\u00e3o\/Ag\u00eancia Brasil\/Ag\u00eancia Brasil\" src=\"http:\/\/imagens.ebc.com.br\/1TrSsLjAVgW1uCd2YskFMOTg5T8=\/754x0\/smart\/http:\/\/agenciabrasil.ebc.com.br\/sites\/default\/files\/thumbnails\/image\/ffraz_abr20180722_1228.jpg?itok=cpUG9B99\" alt=\"PSL lan\u00e7a candidatura de Jair Bolsonaro  \u00e0 presid\u00eancia da Rep\u00fablica.\" width=\"754\" height=\"503\" \/><figcaption class=\"wp-caption-text\">PSL lan\u00e7a candidatura de Jair Bolsonaro \u00e0 Presid\u00eancia da Rep\u00fablica &#8211; Fernando Fraz\u00e3o\/Ag\u00eancia Brasil<\/figcaption><\/figure><\/figure>\n<\/div>\n<\/div>\n<p><strong>Jo\u00e3o Amo\u00eado (Partido Novo)<\/strong><\/p>\n<p>Jo\u00e3o Dionisio Amo\u00eado foi oficializado candidato \u00e0 Presid\u00eancia da Rep\u00fablica pelo Partido Novo durante conven\u00e7\u00e3o na capital paulista. O cientista pol\u00edtico Christian Lohbauer foi escolhido como candidato \u00e0 vice-presidente. Entre as principais propostas de Amo\u00eado est\u00e3o equilibrar as contas p\u00fablicas, acabar com privil\u00e9gios de determinadas categorias profissionais, melhorar a educa\u00e7\u00e3o b\u00e1sica e atuar fortemente na seguran\u00e7a. O presidenci\u00e1vel tamb\u00e9m \u00e9 favor\u00e1vel \u00e0 revis\u00e3o do Estatuto do Desarmamento.<\/p>\n<p>Jo\u00e3o Amo\u00eado disse que quer levar renova\u00e7\u00e3o \u00e0 pol\u00edtica e mudar o Brasil. O presidenci\u00e1vel defendeu a privatiza\u00e7\u00e3o de empresas estatais.<\/p>\n<div class=\"dnd-widget-wrapper context-cheio_8colunas type-image\">\n<div class=\"dnd-atom-rendered\">\n<figure class=\"mejs-fotoh-wrapper\">\n<p><figure style=\"width: 754px\" class=\"wp-caption alignnone\"><img loading=\"lazy\" decoding=\"async\" class=\"img-responsive full full\" title=\"Rovena Rosa\/Ag\u00eancia Brasil\/Ag\u00eancia Brasil\" src=\"http:\/\/imagens.ebc.com.br\/P2YEi0qqSL5u3REjPeAZV71BA8Q=\/754x0\/smart\/http:\/\/agenciabrasil.ebc.com.br\/sites\/default\/files\/thumbnails\/image\/rvrsa_abr20120713_1290.jpg?itok=bGZwp2iU\" alt=\"Partido Novo confirma Jo\u00e3o Amo\u00eado como candidato a presidente\" width=\"754\" height=\"502\" \/><figcaption class=\"wp-caption-text\">Partido Novo confirma Jo\u00e3o Amo\u00eado como candidato a presidente &#8211; Rovena Rosa\/Ag\u00eancia Brasil<\/figcaption><\/figure><\/figure>\n<\/div>\n<\/div>\n<p><strong>Jos\u00e9 Maria Eymael (DC)<\/strong><\/p>\n<p>O partido Democracia Crist\u00e3 (DC) confirmou no dia 28 de julho, durante conven\u00e7\u00e3o na capital paulista, a candidatura de Jos\u00e9 Maria Eymael \u00e0 Presid\u00eancia da Rep\u00fablica, nas elei\u00e7\u00f5es de outubro, e do pastor da Assembleia de Deus Helvio Costa como vice-presidente.<\/p>\n<p>Na \u00e1rea econ\u00f4mica, as diretrizes gerais de governo do DC incluem pol\u00edtica macroecon\u00f4mica orientada para diminui\u00e7\u00e3o do custo do cr\u00e9dito ao setor produtivo, apoio e incentivo ao turismo e a valoriza\u00e7\u00e3o do agroneg\u00f3cio com a\u00e7\u00f5es de governo espec\u00edficas, que ainda n\u00e3o foram divulgadas, e apoio aos pequenos e m\u00e9dios produtores rurais.<\/p>\n<div class=\"dnd-widget-wrapper context-cheio_8colunas type-image\">\n<div class=\"dnd-atom-rendered\">\n<figure class=\"mejs-fotoh-wrapper\">\n<p><figure style=\"width: 754px\" class=\"wp-caption alignnone\"><img loading=\"lazy\" decoding=\"async\" class=\"img-responsive full full\" title=\"Bruno Murashima\/Dc\/Direitos Reservados\/Ag\u00eancia Brasil\" src=\"http:\/\/imagens.ebc.com.br\/cLbEThx154JZffM-f_LOaqI8ebM=\/754x0\/smart\/http:\/\/agenciabrasil.ebc.com.br\/sites\/default\/files\/thumbnails\/image\/psdc_abr20180728_1249.jpg?itok=_BVabNB_\" alt=\"Conven\u00e7\u00e3o Nacionald do Partido Social Democrata Crist\u00e3o lan\u00e7a Eymael como seu nome para a disputa pela Presid\u00eancia da Rep\u00fablica\" width=\"754\" height=\"503\" \/><figcaption class=\"wp-caption-text\">Conven\u00e7\u00e3o Nacionald do DC lan\u00e7ou Eymael como seu nome para a disputa pela Presid\u00eancia da Rep\u00fablica &#8211; Bruno Murashima\/DC\/Direitos Reservados<\/figcaption><\/figure><\/figure>\n<\/div>\n<\/div>\n<p><strong>Luiz In\u00e1cio Lula da Silva (PT)<\/strong><\/p>\n<p>A conven\u00e7\u00e3o nacional do PT escolheu, por aclama\u00e7\u00e3o, o nome de Luiz In\u00e1cio Lula da Silva para ser o candidato \u00e0 Presid\u00eancia da Rep\u00fablica. N\u00e3o foi definido quem ser\u00e1 o vice-presidente na chapa de Lula. O encontro tamb\u00e9m homologou o apoio do PCO e do PROS \u00e0 candidatura do PT.<\/p>\n<p>O ex-presidente Luiz In\u00e1cio Lula da Silva est\u00e1 preso em Curitiba, desde\u00a07 de abril, ap\u00f3s\u00a0ter\u00a0sido condenado\u00a0em\u00a0segunda\u00a0inst\u00e2ncia\u00a0no caso do triplex de Guaruj\u00e1.\u00a0O ator S\u00e9rgio Mamberti leu uma carta escrita por Lula, onde ele\u00a0afirmou que\u00a0&#8220;querem fazer uma elei\u00e7\u00e3o presidencial de cartas marcadas, excluindo o nome que est\u00e1 \u00e0 frente na prefer\u00eancia popular em todas as pesquisas&#8221;.<\/p>\n<div class=\"dnd-widget-wrapper context-cheio_8colunas type-image\">\n<div class=\"dnd-atom-rendered\">\n<figure class=\"mejs-fotoh-wrapper\">\n<p><figure style=\"width: 754px\" class=\"wp-caption alignnone\"><img loading=\"lazy\" decoding=\"async\" class=\"img-responsive full full\" title=\"Rovena Rosa\/Ag\u00eancia Brasil\/Ag\u00eancia Brasil\" src=\"http:\/\/imagens.ebc.com.br\/vnCGfef7ehlNys597Nqv4UdLZw8=\/754x0\/smart\/http:\/\/agenciabrasil.ebc.com.br\/sites\/default\/files\/thumbnails\/image\/rvrsa_abr20120712_1289.jpg?itok=tRHp25qn\" alt=\"Conven\u00e7\u00e3o Nacional do PT para lan\u00e7amento da candidatura de Lula para presidente, na Casa de Portugal.\" width=\"754\" height=\"503\" \/><figcaption class=\"wp-caption-text\">Conven\u00e7\u00e3o nacional do PT escolheu Lula para candidato a presidente &#8211; Rovena Rosa\/Ag\u00eancia Brasil<\/figcaption><\/figure><\/figure>\n<\/div>\n<\/div>\n<p><strong>Manuela D&#8217; \u00c1vila (PCdoB)<\/strong><\/p>\n<p>A deputada estadual Manuela D&#8217;\u00c1vila foi confirmada pelo PCdoB no dia 1\u00ba de agosto como candidata do partido \u00e0 Presid\u00eancia da Rep\u00fablica.<\/p>\n<p>Depois de ter a candidatura lan\u00e7ada com apoio un\u00e2nime dos delegados do partido, Manuela D&#8217;\u00c1vila apresentou bandeiras como a da reforma da seguran\u00e7a p\u00fablica, a justi\u00e7a tribut\u00e1ria, o combate \u00e0s grandes corpora\u00e7\u00f5es e a revoga\u00e7\u00e3o da reforma trabalhista e da emenda constitucional que estabeleceu um teto para os gastos p\u00fablicos por 20 anos. Ela criticou o \u201cdesemprego recorde\u201d, a queda da massa salarial e a evas\u00e3o de jovens de universidades e escolas t\u00e9cnicas.<\/p>\n<div class=\"dnd-widget-wrapper context-cheio_8colunas type-image\">\n<div class=\"dnd-atom-rendered\">\n<figure class=\"mejs-fotoh-wrapper\">\n<p><figure style=\"width: 754px\" class=\"wp-caption alignnone\"><img loading=\"lazy\" decoding=\"async\" class=\"img-responsive full full\" title=\"Marcelo Camargo\/Ag\u00eancia Brasil\/Ag\u00eancia Brasil\" src=\"http:\/\/imagens.ebc.com.br\/YZCJR1ak5AXBAiH6PQ584ZC8ut0=\/754x0\/smart\/http:\/\/agenciabrasil.ebc.com.br\/sites\/default\/files\/thumbnails\/image\/mcmgo_abr_010820180530_1.jpg?itok=VpaSCLgl\" alt=\"O Partido Comunista do Brasil (PCdoB) confirma a candidatura de Manuela d&amp;#039;\u00c1vila \u00e0 Presid\u00eancia da Rep\u00fablica, em conven\u00e7\u00e3o realizada em Bras\u00edlia.\" width=\"754\" height=\"503\" \/><figcaption class=\"wp-caption-text\">Manuela D&#8217;\u00c1vila \u00e9 a candidata pelo PCdoB &#8211; Marcelo Camargo\/Ag\u00eancia Brasil<\/figcaption><\/figure><\/figure>\n<\/div>\n<\/div>\n<p><strong>Marina Silva (Rede)<\/strong><\/p>\n<p>A primeira conven\u00e7\u00e3o nacional da Rede Sustentabilidade confirmou, por aclama\u00e7\u00e3o, o nome Marina Silva como candidata da sigla \u00e0 Presid\u00eancia da Rep\u00fablica. O candidato \u00e0 vice na chapa, o m\u00e9dico sanitarista, Eduardo Jorge, do Partido Verde (PV), tamb\u00e9m foi apresentado oficialmente no encontro.<\/p>\n<p>A presidenci\u00e1vel prometeu uma campanha limpa, sem not\u00edcias falsas e sem destruir biografias. Se comprometeu com as reformas da Previd\u00eancia, tribut\u00e1ria e pol\u00edtica, que acabe com a reelei\u00e7\u00e3o e incentive candidaturas independentes. Se eleita, Marina tamb\u00e9m disse que pretende fazer uma revis\u00e3o dos \u201cpontos draconianos\u201d da reforma trabalhista que, segundo ela, seriam feitas a partir de um di\u00e1logo com o Congresso.<\/p>\n<div class=\"dnd-widget-wrapper context-cheio_8colunas type-image\">\n<div class=\"dnd-atom-rendered\">\n<figure class=\"mejs-fotoh-wrapper\">\n<p><figure style=\"width: 754px\" class=\"wp-caption alignnone\"><img loading=\"lazy\" decoding=\"async\" class=\"img-responsive full full\" title=\"Fabio Rodrigues Pozzebom\/Ag\u00eancia Brasil\/Ag\u00eancia Brasil\" src=\"http:\/\/imagens.ebc.com.br\/ZdVcnUkvYABzQMEy53uzeQ5fOyk=\/754x0\/smart\/http:\/\/agenciabrasil.ebc.com.br\/sites\/default\/files\/thumbnails\/image\/fcpzzb_abr20180804_1268.jpg?itok=iqVr9PQd\" alt=\"Marina Silva e Eduardo Jorge participam de conven\u00e7\u00e3o da REDE (Fabio Rodrigues Pozzebom\/Ag\u00eancia Brasil)\" width=\"754\" height=\"503\" \/><figcaption class=\"wp-caption-text\">Marina Silva \u00e9 confirmada candidata a presidente pela Rede &#8211; Fabio Rodrigues Pozzebom\/Ag\u00eancia Brasil<\/figcaption><\/figure><\/figure>\n<\/div>\n<\/div>\n<p><strong>Vera L\u00facia (PSTU)<\/strong><\/p>\n<p>Em conven\u00e7\u00e3o nacional, o PSTU oficializou no dia 20 de julho\u00a0a candidatura de Vera L\u00facia \u00e0 Presid\u00eancia da Rep\u00fablica e de Hertz Dias como vice na chapa. A escolha foi feita por aclama\u00e7\u00e3o pelos filiados ao partido presentes na quadra do Sindicato dos Metrovi\u00e1rios de S\u00e3o Paulo, na zona leste da capital paulista.<\/p>\n<p>De acordo com Vera L\u00facia, o plano de governo prev\u00ea reforma agr\u00e1ria, redu\u00e7\u00e3o da jornada de trabalho sem redu\u00e7\u00e3o de sal\u00e1rio\u00a0e um plano de obras p\u00fablicas para atender as necessidades da classe trabalhadora.<\/p>\n<p>O PSTU decidiu que n\u00e3o far\u00e1 nenhuma coliga\u00e7\u00e3o para a disputa presidencial, nem alian\u00e7as nas elei\u00e7\u00f5es estaduais.<\/p>\n<div class=\"dnd-widget-wrapper context-cheio_8colunas type-image\">\n<div class=\"dnd-atom-rendered\">\n<figure class=\"mejs-fotoh-wrapper\">\n<p><figure style=\"width: 754px\" class=\"wp-caption alignnone\"><img loading=\"lazy\" decoding=\"async\" class=\"img-responsive full full\" title=\"Romerito Pontes\/Direitos Reservados\/Ag\u00eancia Brasil\" src=\"http:\/\/imagens.ebc.com.br\/WhFZ1mELNtsnxr3U5_swd5ZBhfM=\/754x0\/smart\/http:\/\/agenciabrasil.ebc.com.br\/sites\/default\/files\/thumbnails\/image\/vera_lucia_pstu.jpg?itok=0UG1wlSN\" alt=\"Vera L\u00facia do PSTU\" width=\"754\" height=\"503\" \/><figcaption class=\"wp-caption-text\">Vera L\u00facia \u00e9 a candidata do PSTU &#8211; Romerito Pontes\/Direitos Reservados<\/figcaption><\/figure><\/figure>\n<\/div>\n<\/div>\n","protected":false},"excerpt":{"rendered":"<p>O prazo para realiza\u00e7\u00e3o de conven\u00e7\u00f5es partid\u00e1rias termina neste\u00a0domingo\u00a0(5). Segundo a legisla\u00e7\u00e3o eleitoral, as chapas&#8230;<\/p>\n","protected":false},"author":1,"featured_media":0,"comment_status":"closed","ping_status":"closed","sticky":false,"template":"","format":"standard","meta":{"footnotes":""},"categories":[101,19],"tags":[],"class_list":["post-20808","post","type-post","status-publish","format-standard","hentry","category-eleicoes","category-politica"],"_links":{"self":[{"href":"https:\/\/www.corumbaonline.com.br\/news\/wp-json\/wp\/v2\/posts\/20808","targetHints":{"allow":["GET"]}}],"collection":[{"href":"https:\/\/www.corumbaonline.com.br\/news\/wp-json\/wp\/v2\/posts"}],"about":[{"href":"https:\/\/www.corumbaonline.com.br\/news\/wp-json\/wp\/v2\/types\/post"}],"author":[{"embeddable":true,"href":"https:\/\/www.corumbaonline.com.br\/news\/wp-json\/wp\/v2\/users\/1"}],"replies":[{"embeddable":true,"href":"https:\/\/www.corumbaonline.com.br\/news\/wp-json\/wp\/v2\/comments?post=20808"}],"version-history":[{"count":1,"href":"https:\/\/www.corumbaonline.com.br\/news\/wp-json\/wp\/v2\/posts\/20808\/revisions"}],"predecessor-version":[{"id":20809,"href":"https:\/\/www.corumbaonline.com.br\/news\/wp-json\/wp\/v2\/posts\/20808\/revisions\/20809"}],"wp:attachment":[{"href":"https:\/\/www.corumbaonline.com.br\/news\/wp-json\/wp\/v2\/media?parent=20808"}],"wp:term":[{"taxonomy":"category","embeddable":true,"href":"https:\/\/www.corumbaonline.com.br\/news\/wp-json\/wp\/v2\/categories?post=20808"},{"taxonomy":"post_tag","embeddable":true,"href":"https:\/\/www.corumbaonline.com.br\/news\/wp-json\/wp\/v2\/tags?post=20808"}],"curies":[{"name":"wp","href":"https:\/\/api.w.org\/{rel}","templated":true}]}}