{"id":20812,"date":"2018-08-05T08:41:41","date_gmt":"2018-08-05T12:41:41","guid":{"rendered":"http:\/\/www.corumbaonline.com.br\/news\/?p=20812"},"modified":"2018-08-05T08:29:20","modified_gmt":"2018-08-05T12:29:20","slug":"dem-estaria-tentando-fazer-chapa-unica-para-eleger-um-deputado-federal","status":"publish","type":"post","link":"https:\/\/www.corumbaonline.com.br\/news\/dem-estaria-tentando-fazer-chapa-unica-para-eleger-um-deputado-federal\/","title":{"rendered":"DEM estaria tentando fazer chapa \u00fanica para eleger um deputado federal"},"content":{"rendered":"<p>Mesmo ap\u00f3s a conven\u00e7\u00e3o do PSDB e do DEM na manh\u00e3 deste s\u00e1bado (4), ainda seguem as negocia\u00e7\u00f5es por composi\u00e7\u00e3o de chapa para deputados federais disputarem as elei\u00e7\u00f5es. O DEM estaria tentando entrar em uma chapa \u00fanica e n\u00e3o na principal para eleger ou Henrique Mandetta ou Tereza Cristina.<\/p>\n<p>De acordo com fontes do partido, Mandetta e Tereza Cristina estariam preocupados em entrar no \u2018chap\u00e3o\u2019 do PSDB. Juntos com PSD e PP, o partido acredita que se elegeriam somente Geraldo Resende, Rose Modesto, Beto Pereira e F\u00e1bio Trad (PSD).<\/p>\n<p>Em uma segunda chapa, ao menos um deles teria condi\u00e7\u00e3o de se eleger, mas a proposta enfrenta resist\u00eancias tucanas. Presidente do DEM e candidato a vice de Reinaldo Azambuja (PSDB) Murilo Zauith minimizou a situa\u00e7\u00e3o. \u201cTemos 48 horas para registrar as chapas, mas este \u00e9 um problema deles (Mandetta e Tereza). Eu n\u00e3o estou participando disso\u201d.<\/p>\n<p>Para Zauith, seria preciso \u2018botar bastante candidato\u2019 para que ambos sejam eleitos em uma segunda chapa. Durante a conven\u00e7\u00e3o, Madetta evitou dar declara\u00e7\u00f5es at\u00e9 mesmo sobre se seria candidato \u00e0 reelei\u00e7\u00e3o.<\/p>\n<p>Nesta tarde, os parlamentares n\u00e3o atenderam as liga\u00e7\u00f5es da reportagem para confirmar se eles\u00a0 estariam tentando entrar em outra composi\u00e7\u00e3o do PSDB.<\/p>\n","protected":false},"excerpt":{"rendered":"<p>Mesmo ap\u00f3s a conven\u00e7\u00e3o do PSDB e do DEM na manh\u00e3 deste s\u00e1bado (4), ainda&#8230;<\/p>\n","protected":false},"author":1,"featured_media":0,"comment_status":"closed","ping_status":"closed","sticky":false,"template":"","format":"standard","meta":{"footnotes":""},"categories":[101,19],"tags":[],"class_list":["post-20812","post","type-post","status-publish","format-standard","hentry","category-eleicoes","category-politica"],"_links":{"self":[{"href":"https:\/\/www.corumbaonline.com.br\/news\/wp-json\/wp\/v2\/posts\/20812","targetHints":{"allow":["GET"]}}],"collection":[{"href":"https:\/\/www.corumbaonline.com.br\/news\/wp-json\/wp\/v2\/posts"}],"about":[{"href":"https:\/\/www.corumbaonline.com.br\/news\/wp-json\/wp\/v2\/types\/post"}],"author":[{"embeddable":true,"href":"https:\/\/www.corumbaonline.com.br\/news\/wp-json\/wp\/v2\/users\/1"}],"replies":[{"embeddable":true,"href":"https:\/\/www.corumbaonline.com.br\/news\/wp-json\/wp\/v2\/comments?post=20812"}],"version-history":[{"count":1,"href":"https:\/\/www.corumbaonline.com.br\/news\/wp-json\/wp\/v2\/posts\/20812\/revisions"}],"predecessor-version":[{"id":20813,"href":"https:\/\/www.corumbaonline.com.br\/news\/wp-json\/wp\/v2\/posts\/20812\/revisions\/20813"}],"wp:attachment":[{"href":"https:\/\/www.corumbaonline.com.br\/news\/wp-json\/wp\/v2\/media?parent=20812"}],"wp:term":[{"taxonomy":"category","embeddable":true,"href":"https:\/\/www.corumbaonline.com.br\/news\/wp-json\/wp\/v2\/categories?post=20812"},{"taxonomy":"post_tag","embeddable":true,"href":"https:\/\/www.corumbaonline.com.br\/news\/wp-json\/wp\/v2\/tags?post=20812"}],"curies":[{"name":"wp","href":"https:\/\/api.w.org\/{rel}","templated":true}]}}