{"id":20820,"date":"2018-08-05T08:58:03","date_gmt":"2018-08-05T12:58:03","guid":{"rendered":"http:\/\/www.corumbaonline.com.br\/news\/?p=20820"},"modified":"2018-08-05T08:58:03","modified_gmt":"2018-08-05T12:58:03","slug":"em-coligacao-com-rede-pcdob-e-pv-bluma-promete-devassa-em-beneficios-fiscais-do-governo","status":"publish","type":"post","link":"https:\/\/www.corumbaonline.com.br\/news\/em-coligacao-com-rede-pcdob-e-pv-bluma-promete-devassa-em-beneficios-fiscais-do-governo\/","title":{"rendered":"Em coliga\u00e7\u00e3o com REDE, PCdoB e PV, Bluma promete devassa em benef\u00edcios fiscais do governo"},"content":{"rendered":"<p>Candidato ao governo pelo PV, em coliga\u00e7\u00e3o ainda com REDE e PCdoB, o engenheiro Marcelo Bluma, ex-vereador de Campo Grande, prometeu uma auditoria, se eleito, em todos os contratos de concess\u00e3o de benef\u00edcios fiscais do governo estadual dos \u00faltimos 15 anos.<\/p>\n<p>\u201cSomos um movimento por mudan\u00e7a, n\u00e3o s\u00f3 de tr\u00eas partido, mas com vontade de unir pessoas que entendam que a realidade de Mato Grosso do Sul n\u00e3o \u00e9 boa. As den\u00fancias de corrup\u00e7\u00e3o tomaram conta da pol\u00edtica de MS, a pol\u00edtica regional voc\u00ea acompanha nas p\u00e1ginas policiais\u201d, disparou Bluma.<\/p>\n<p>A candidata a vice-governadora foi indicada pela REDE, partido da presidenci\u00e1vel Marina Silva, e ser\u00e1 a prof\u00aa. Ana Maria Bernardelli, com M\u00e1rio Fonseca, do PCdoB, como candidato ao Senado.<\/p>\n<p>\u201cA popula\u00e7\u00e3o de MS n\u00e3o suporta mais essa realidade, pagamos carga tribut\u00e1ria car\u00edssima e quando precisamos servi\u00e7os p\u00fablicos a gente n\u00e3o encontra solu\u00e7\u00e3o\u201d, frisou Bluma.<img loading=\"lazy\" decoding=\"async\" class=\"size-medium wp-image-878803 aligncenter\" src=\"https:\/\/cdn.midiamax.com.br\/elasticbeanstalk-us-west-2-809048387867\/uploads\/2018\/08\/86a789d8-ea40-4a21-81cb-912a1ab95a6b-320x240.jpg\" sizes=\"auto, (max-width: 320px) 100vw, 320px\" srcset=\"https:\/\/cdn.midiamax.com.br\/elasticbeanstalk-us-west-2-809048387867\/uploads\/2018\/08\/86a789d8-ea40-4a21-81cb-912a1ab95a6b-320x240.jpg 320w, https:\/\/cdn.midiamax.com.br\/elasticbeanstalk-us-west-2-809048387867\/uploads\/2018\/08\/86a789d8-ea40-4a21-81cb-912a1ab95a6b-768x576.jpg 768w, https:\/\/cdn.midiamax.com.br\/elasticbeanstalk-us-west-2-809048387867\/uploads\/2018\/08\/86a789d8-ea40-4a21-81cb-912a1ab95a6b-1024x768.jpg 1024w, https:\/\/cdn.midiamax.com.br\/elasticbeanstalk-us-west-2-809048387867\/uploads\/2018\/08\/86a789d8-ea40-4a21-81cb-912a1ab95a6b-86x64.jpg 86w, https:\/\/cdn.midiamax.com.br\/elasticbeanstalk-us-west-2-809048387867\/uploads\/2018\/08\/86a789d8-ea40-4a21-81cb-912a1ab95a6b.jpg 1280w\" alt=\"\" width=\"320\" height=\"240\" \/><\/p>\n<p>O candidato destacou ainda que o compromisso dos tr\u00eas partidos \u2018\u00e9 program\u00e1tico\u2019 e que far\u00e3o uma campanha de \u2018oposi\u00e7\u00e3o \u00e0 velha pol\u00edtica\u2019.<\/p>\n<p>A expectativa da coliga\u00e7\u00e3o \u00e9 eleger um deputado federal e dois estaduais, e para isso ter\u00e3o 40 candidatos a uma cadeira na Assembleia Legislativa, e outros 16 para disputar vaga na C\u00e2mara dos Deputados.<\/p>\n","protected":false},"excerpt":{"rendered":"<p>Candidato ao governo pelo PV, em coliga\u00e7\u00e3o ainda com REDE e PCdoB, o engenheiro Marcelo&#8230;<\/p>\n","protected":false},"author":1,"featured_media":0,"comment_status":"closed","ping_status":"closed","sticky":false,"template":"","format":"standard","meta":{"footnotes":""},"categories":[101,19],"tags":[],"class_list":["post-20820","post","type-post","status-publish","format-standard","hentry","category-eleicoes","category-politica"],"_links":{"self":[{"href":"https:\/\/www.corumbaonline.com.br\/news\/wp-json\/wp\/v2\/posts\/20820","targetHints":{"allow":["GET"]}}],"collection":[{"href":"https:\/\/www.corumbaonline.com.br\/news\/wp-json\/wp\/v2\/posts"}],"about":[{"href":"https:\/\/www.corumbaonline.com.br\/news\/wp-json\/wp\/v2\/types\/post"}],"author":[{"embeddable":true,"href":"https:\/\/www.corumbaonline.com.br\/news\/wp-json\/wp\/v2\/users\/1"}],"replies":[{"embeddable":true,"href":"https:\/\/www.corumbaonline.com.br\/news\/wp-json\/wp\/v2\/comments?post=20820"}],"version-history":[{"count":1,"href":"https:\/\/www.corumbaonline.com.br\/news\/wp-json\/wp\/v2\/posts\/20820\/revisions"}],"predecessor-version":[{"id":20821,"href":"https:\/\/www.corumbaonline.com.br\/news\/wp-json\/wp\/v2\/posts\/20820\/revisions\/20821"}],"wp:attachment":[{"href":"https:\/\/www.corumbaonline.com.br\/news\/wp-json\/wp\/v2\/media?parent=20820"}],"wp:term":[{"taxonomy":"category","embeddable":true,"href":"https:\/\/www.corumbaonline.com.br\/news\/wp-json\/wp\/v2\/categories?post=20820"},{"taxonomy":"post_tag","embeddable":true,"href":"https:\/\/www.corumbaonline.com.br\/news\/wp-json\/wp\/v2\/tags?post=20820"}],"curies":[{"name":"wp","href":"https:\/\/api.w.org\/{rel}","templated":true}]}}