{"id":20827,"date":"2018-08-05T09:23:21","date_gmt":"2018-08-05T13:23:21","guid":{"rendered":"http:\/\/www.corumbaonline.com.br\/news\/?p=20827"},"modified":"2018-08-05T09:23:21","modified_gmt":"2018-08-05T13:23:21","slug":"campanha-de-vacinacao-contra-a-poliomielite-e-o-sarampo-comeca-amanha","status":"publish","type":"post","link":"https:\/\/www.corumbaonline.com.br\/news\/campanha-de-vacinacao-contra-a-poliomielite-e-o-sarampo-comeca-amanha\/","title":{"rendered":"Campanha de Vacina\u00e7\u00e3o contra a Poliomielite e o Sarampo come\u00e7a amanh\u00e3"},"content":{"rendered":"<p>A Campanha Nacional de Vacina\u00e7\u00e3o contra a Poliomielite e o Sarampo come\u00e7a amanh\u00e3 (6) em todo o pa\u00eds. A meta \u00e9 imunizar mais de 11 milh\u00f5es de crian\u00e7as com idade entre 1 ano e menores de 5 anos, p\u00fablico mais suscet\u00edvel a complica\u00e7\u00f5es de ambas as doen\u00e7as. O Dia D de Mobiliza\u00e7\u00e3o Nacional foi agendado para\u00a018 de agosto, um\u00a0s\u00e1bado, mas a campanha segue at\u00e9 o dia\u00a031 de agosto.<\/p>\n<p>De acordo com o Minist\u00e9rio da Sa\u00fade, foram adquiridas 28,3 milh\u00f5es de doses de ambas as vacinas \u2013 um total de R$ 160,7 milh\u00f5es. Todos os estados, segundo a pasta, j\u00e1 est\u00e3o abastecidos com 871,3 mil doses da Vacina Inativadas Poliomielite (VIP), 14 milh\u00f5es da Vacina Oral Poliomielite (VOP) e 13,4 milh\u00f5es da Tr\u00edplice Viral, que protege contra o sarampo, a rub\u00e9ola e a caxumba.<\/p>\n<p>Este ano, a vacina\u00e7\u00e3o ser\u00e1 feita de forma indiscriminada, ou seja, todas as crian\u00e7as dentro da faixa et\u00e1ria estabelecida ser\u00e3o imunizadas \u2013 mesmo as que j\u00e1 est\u00e3o com o esquema vacinal completo. Neste caso, a crian\u00e7a vai receber um outro refor\u00e7o. A campanha ocorre em meio a pelo menos dois surtos de sarampo no Brasil, em Roraima e no Amazonas. No caso da p\u00f3lio, 312 munic\u00edpios registram baixas taxas de cobertura vacinal contra a doen\u00e7a.<\/p>\n<p><strong>Veja a seguir algumas das principais perguntas e respostas relacionadas \u00e0 campanha, com base em informa\u00e7\u00f5es divulgadas pelo Minist\u00e9rio da Sa\u00fade:<\/strong><\/p>\n<p>&nbsp;<\/p>\n<p><strong>Quando e onde ocorre a campanha?<\/strong><\/p>\n<p>Entre 6 e\u00a031 de agosto, com o Dia D agendado para\u00a018 de agosto, em postos de sa\u00fade de todo o pa\u00eds.<\/p>\n<p>&nbsp;<\/p>\n<p><strong>Qual o foco da campanha?<\/strong><\/p>\n<p>Crian\u00e7as com idade entre 1 ano e 5 anos incompletos (4 anos e 11 meses).<\/p>\n<p>&nbsp;<\/p>\n<p><strong>Crian\u00e7as que j\u00e1 foram vacinadas anteriormente devem ser levadas aos postos?<\/strong><\/p>\n<p>Sim. Todas as crian\u00e7as com idade entre 1 ano e menores de 5 anos devem comparecer aos postos. Quem estiver com o esquema vacinal incompleto receber\u00e1 as doses necess\u00e1rias para atualiza\u00e7\u00e3o e quem estiver com o esquema vacinal completo receber\u00e1 outro refor\u00e7o.<\/p>\n<p>&nbsp;<\/p>\n<p><strong>Qual a vacina usada contra a p\u00f3lio?<\/strong><\/p>\n<p>Crian\u00e7as que nunca foram imunizadas contra a p\u00f3lio v\u00e3o receber a Vacina Inativada Poliomielite (VIP), na forma injet\u00e1vel. Crian\u00e7as que j\u00e1 receberam uma ou mais doses contra a p\u00f3lio v\u00e3o receber a Vacina Oral Poliomielite (VOP), na forma de gotinha.<\/p>\n<p>&nbsp;<\/p>\n<p><strong>Qual a vacina usada contra o sarampo?<\/strong><\/p>\n<p>A vacina contra o sarampo usada na campanha \u00e9 a Tr\u00edplice Viral, que protege tamb\u00e9m contra a rub\u00e9ola e a caxumba. Todas as crian\u00e7as na faixa et\u00e1ria estabelecida v\u00e3o receber uma dose da Tr\u00edplice Viral, independentemente de sua situa\u00e7\u00e3o vacinal, desde que n\u00e3o tenham sido vacinadas nos \u00faltimos 30 dias.<\/p>\n<p>&nbsp;<\/p>\n<p><strong>Adultos participam da campanha?<\/strong><\/p>\n<p>N\u00e3o. A campanha tem como foco crian\u00e7as com idade entre 1 ano e menores de 5 anos.<\/p>\n<p>&nbsp;<\/p>\n<p><strong>Mesmo n\u00e3o sendo foco da campanha, adultos precisam de alguma das duas doses?<\/strong><\/p>\n<p>Sim. Conforme previsto no Calend\u00e1rio Nacional de Vacina\u00e7\u00e3o, adultos com at\u00e9 29 anos que n\u00e3o tiverem completado o esquema na inf\u00e2ncia devem receber duas doses da Tr\u00edplice Viral e adultos com idade entre 30 e 49 anos devem receber uma dose da Tr\u00edplice Viral. O adulto que n\u00e3o souber sua situa\u00e7\u00e3o vacinal deve procurar o posto de sa\u00fade mais pr\u00f3ximo para tomar as doses previstas para sua faixa et\u00e1ria.<\/p>\n","protected":false},"excerpt":{"rendered":"<p>A Campanha Nacional de Vacina\u00e7\u00e3o contra a Poliomielite e o Sarampo come\u00e7a amanh\u00e3 (6) em&#8230;<\/p>\n","protected":false},"author":1,"featured_media":0,"comment_status":"closed","ping_status":"closed","sticky":false,"template":"","format":"standard","meta":{"footnotes":""},"categories":[21],"tags":[],"class_list":["post-20827","post","type-post","status-publish","format-standard","hentry","category-saude"],"_links":{"self":[{"href":"https:\/\/www.corumbaonline.com.br\/news\/wp-json\/wp\/v2\/posts\/20827","targetHints":{"allow":["GET"]}}],"collection":[{"href":"https:\/\/www.corumbaonline.com.br\/news\/wp-json\/wp\/v2\/posts"}],"about":[{"href":"https:\/\/www.corumbaonline.com.br\/news\/wp-json\/wp\/v2\/types\/post"}],"author":[{"embeddable":true,"href":"https:\/\/www.corumbaonline.com.br\/news\/wp-json\/wp\/v2\/users\/1"}],"replies":[{"embeddable":true,"href":"https:\/\/www.corumbaonline.com.br\/news\/wp-json\/wp\/v2\/comments?post=20827"}],"version-history":[{"count":1,"href":"https:\/\/www.corumbaonline.com.br\/news\/wp-json\/wp\/v2\/posts\/20827\/revisions"}],"predecessor-version":[{"id":20828,"href":"https:\/\/www.corumbaonline.com.br\/news\/wp-json\/wp\/v2\/posts\/20827\/revisions\/20828"}],"wp:attachment":[{"href":"https:\/\/www.corumbaonline.com.br\/news\/wp-json\/wp\/v2\/media?parent=20827"}],"wp:term":[{"taxonomy":"category","embeddable":true,"href":"https:\/\/www.corumbaonline.com.br\/news\/wp-json\/wp\/v2\/categories?post=20827"},{"taxonomy":"post_tag","embeddable":true,"href":"https:\/\/www.corumbaonline.com.br\/news\/wp-json\/wp\/v2\/tags?post=20827"}],"curies":[{"name":"wp","href":"https:\/\/api.w.org\/{rel}","templated":true}]}}